{"id":1714,"date":"2018-06-17T00:39:57","date_gmt":"2018-06-16T22:39:57","guid":{"rendered":"http:\/\/mbloretanska.pl\/?p=1714"},"modified":"2018-06-17T00:39:57","modified_gmt":"2018-06-16T22:39:57","slug":"xi-niedziela-zwykla-17-06-2018","status":"publish","type":"post","link":"https:\/\/mbloretanska.pl\/?p=1714","title":{"rendered":"XI niedziela zwyk\u0142a, 17.06.2018"},"content":{"rendered":"<p>1. Bardzo serdecznie dzi\u0119kujemy tym wszystkim, kt\u00f3rzy swoj\u0105 modlitw\u0105, prac\u0105, ofiarami duchowymi i materialnymi przyczynili si\u0119 do przygotowania i pi\u0119knego prze\u017cycia Nawiedzenia naszej parafii przez obraz Matki\u00a0 Bo\u017cej Cz\u0119stochowskiej. Aby przed\u0142u\u017cy\u0107 czas \u0142aski i obecno\u015b\u0107 Maryi w\u015br\u00f3d nas w widzialnym znaku rozpoczynamy ma\u0142e nawiedzenie naszych mieszka\u0144 przez u\u015bwi\u0119cony Jasnog\u00f3rsk\u0105 Ikon\u0105 wizerunek Maryi. Te osoby i rodziny, kt\u00f3re chcia\u0142yby to dzie\u0142o podj\u0105\u0107 i osobi\u015bcie w nim uczestniczy\u0107 prosimy o kontakt z ksi\u0119dzem Marcinem.<\/p>\n<p>2. Dzi\u015b w naszym ko\u015bciele dla uczczenia\u00a0 \u015bw. Antoniego i \u015bw. brata Alberta\u00a0 mo\u017cna b\u0119dzie zaopatrzy\u0107 si\u0119 w chleb \u015bw. Antoniego.<\/p>\n<p>3. Na Mszy \u015bw. o godz. 11.00 nast\u0105pi uroczyste przyj\u0119cie dotychczasowych kandydat\u00f3w na ministrant\u00f3w do grona liturgicznej s\u0142u\u017cby o\u0142tarza.<\/p>\n<p>4. Po Mszy wieczornej zapraszamy na ostatnie przed wakacjami spotkanie m\u0142odzie\u017cy oazowej i i kandydat\u00f3w do bierzmowania.<\/p>\n<p>5. W ramach akcji \u201eOpatrunek na ratunek\u201d od dzisiaj do przysz\u0142ej niedzieli odb\u0119dzie si\u0119 zbi\u00f3rka \u015brodk\u00f3w opatrunkowych, kt\u00f3re przeznaczymy jako pomoc\u00a0 Misjom. Bli\u017csze informacje na tablicy og\u0142osze\u0144.<\/p>\n<p>6. W naszej diecezji dzi\u015b\u00a0 zbi\u00f3rka do puszek na stypendia naukowe dla ksi\u0119\u017cy studiuj\u0105cych za granic\u0105<\/p>\n<p>7. \u00a0W czwartek 21 czerwca o godz. 18.00 zapraszamy dzieci i m\u0142odzie\u017c na Msz\u0119 \u015bw. dzi\u0119kczynn\u0105\u00a0 na zako\u0144czenie roku szkolnego. Warto zako\u0144czy\u0107 nauk\u0119 i rozpocz\u0105\u0107 wakacje szcz\u0119\u015bliwie, tzn. w stanie \u0142aski u\u015bwi\u0119caj\u0105cej. Po Mszy \u015bw. podsumowanie pracy rocznej dla ministrant\u00f3w, lektor\u00f3w, scholi i bielanek.<\/p>\n<p>8. Za tydzie\u0144 24 czerwca uroczysto\u015b\u0107 Narodzenia \u015bw. Jana Chrzciciela.<\/p>\n<p>9. W ramach duchowego dzie\u0142a po Nawiedzeniu Obrazu podj\u0119tego przez wszystkie parafie naszej diecezji 27 czerwca b\u0119dziemy prze\u017cywa\u0107 Dzie\u0144 Modlitwy z Matk\u0105 Bo\u017c\u0105. Szczeg\u00f3\u0142y w przysz\u0142\u0105 niedziel\u0119.<\/p>\n<p>10. Na okres wakacyjny od 1 lipca do 31 sierpnia\u00a0 zmieni\u0105 si\u0119 godziny pracy kancelarii parafialnej. Kancelaria w wakacje b\u0119dzie pracowa\u0107 zgodnie z obecnym harmonogramem, ale tylko po po\u0142udniu i wieczorem. Przed po\u0142udniem kancelaria b\u0119dzie nieczynna. Zostanie natomiast uruchomiony dodatkowy numer kom\u00f3rkowy, pod kt\u00f3ry b\u0119dziemy mogli dzwoni\u0107 w sprawach dotycz\u0105cych pogrzebu i nag\u0142ych wezwa\u0144 do chorego. Ten dodatkowy numer podamy za tydzie\u0144.<\/p>\n<p>11.\u00a0 Na stoliku prasowym znajdziemy tygodnik<i> Idziemy<\/i> oraz gazetk\u0119 parafialn\u0105 <i>We\u017a Ewangeli\u0119\u00a0 do domu.<\/i><\/p>\n","protected":false},"excerpt":{"rendered":"<p>1. Bardzo serdecznie dzi\u0119kujemy tym wszystkim, kt\u00f3rzy swoj\u0105 modlitw\u0105, prac\u0105, ofiarami duchowymi i materialnymi przyczynili si\u0119 do przygotowania i pi\u0119knego prze\u017cycia Nawiedzenia naszej parafii przez obraz Matki\u00a0 Bo\u017cej Cz\u0119stochowskiej. Aby przed\u0142u\u017cy\u0107 czas \u0142aski i obecno\u015b\u0107 Maryi w\u015br\u00f3d nas w widzialnym znaku rozpoczynamy ma\u0142e nawiedzenie naszych mieszka\u0144 przez u\u015bwi\u0119cony Jasnog\u00f3rsk\u0105 Ikon\u0105 wizerunek Maryi. Te osoby i [&hellip;]<\/p>\n","protected":false},"author":1,"featured_media":0,"comment_status":"closed","ping_status":"open","sticky":false,"template":"","format":"standard","meta":{"ngg_post_thumbnail":0,"footnotes":""},"categories":[3],"tags":[],"class_list":["post-1714","post","type-post","status-publish","format-standard","hentry","category-ogloszenia-duszpasterskie"],"_links":{"self":[{"href":"https:\/\/mbloretanska.pl\/index.php?rest_route=\/wp\/v2\/posts\/1714","targetHints":{"allow":["GET"]}}],"collection":[{"href":"https:\/\/mbloretanska.pl\/index.php?rest_route=\/wp\/v2\/posts"}],"about":[{"href":"https:\/\/mbloretanska.pl\/index.php?rest_route=\/wp\/v2\/types\/post"}],"author":[{"embeddable":true,"href":"https:\/\/mbloretanska.pl\/index.php?rest_route=\/wp\/v2\/users\/1"}],"replies":[{"embeddable":true,"href":"https:\/\/mbloretanska.pl\/index.php?rest_route=%2Fwp%2Fv2%2Fcomments&post=1714"}],"version-history":[{"count":2,"href":"https:\/\/mbloretanska.pl\/index.php?rest_route=\/wp\/v2\/posts\/1714\/revisions"}],"predecessor-version":[{"id":1716,"href":"https:\/\/mbloretanska.pl\/index.php?rest_route=\/wp\/v2\/posts\/1714\/revisions\/1716"}],"wp:attachment":[{"href":"https:\/\/mbloretanska.pl\/index.php?rest_route=%2Fwp%2Fv2%2Fmedia&parent=1714"}],"wp:term":[{"taxonomy":"category","embeddable":true,"href":"https:\/\/mbloretanska.pl\/index.php?rest_route=%2Fwp%2Fv2%2Fcategories&post=1714"},{"taxonomy":"post_tag","embeddable":true,"href":"https:\/\/mbloretanska.pl\/index.php?rest_route=%2Fwp%2Fv2%2Ftags&post=1714"}],"curies":[{"name":"wp","href":"https:\/\/api.w.org\/{rel}","templated":true}]}}