{"id":1710,"date":"2018-06-09T23:06:42","date_gmt":"2018-06-09T21:06:42","guid":{"rendered":"http:\/\/mbloretanska.pl\/?p=1710"},"modified":"2018-06-09T23:06:42","modified_gmt":"2018-06-09T21:06:42","slug":"intencje-mszalne-10-16-06-2018","status":"publish","type":"post","link":"https:\/\/mbloretanska.pl\/?p=1710","title":{"rendered":"intencje mszalne 10-16.06.2018"},"content":{"rendered":"<table width=\"619\">\n<tbody>\n<tr>\n<td colspan=\"3\" width=\"619\">\n<p style=\"text-align: center;\"><strong>Niedziela,\u00a0<\/strong>10 czerwca 2018<\/p>\n<\/td>\n<\/tr>\n<tr>\n<td colspan=\"3\" width=\"619\">&nbsp;<\/td>\n<\/tr>\n<tr>\n<td colspan=\"2\" width=\"91\">\n<p style=\"text-align: center;\"><strong>7.00<\/strong><\/p>\n<\/td>\n<td width=\"529\">+ Mariann\u0119, Janusza Malenty, Wac\u0142awa Oleszczuka, CR Ko\u0144k\u00f3w, Malent\u00f3w, Mate\u0144k\u00f3w, Oleszczuk\u00f3w<\/td>\n<\/tr>\n<tr>\n<td colspan=\"2\" width=\"91\">\n<p style=\"text-align: center;\"><strong>8.30<\/strong><\/p>\n<\/td>\n<td width=\"529\">+ Stanis\u0142aw\u0119 w 13 r. \u015bm., Wac\u0142awa, Romana, Waldemara Bajerskich<\/p>\n<p>&#8211; o uwolnienie od skutk\u00f3w grzech\u00f3w mi\u0119dzypokoleniowych i uzdrowienie z ci\u0119\u017ckiej choroby dla Katarzyny<\/td>\n<\/tr>\n<tr>\n<td colspan=\"2\" width=\"91\">\n<p style=\"text-align: center;\"><strong>10.00<\/strong><\/p>\n<\/td>\n<td width=\"529\">+ Tomasza Walug\u0119 w 11r. \u015bm. Ann\u0119, J\u00f3zefa Waluga, Czes\u0142aw\u0119, Antoniego Kuczaj, Bogumi\u0142\u0119 Kolbe z racji imienin<\/td>\n<\/tr>\n<tr>\n<td colspan=\"2\" width=\"91\">\n<p style=\"text-align: center;\"><strong>11.00<\/strong><\/p>\n<\/td>\n<td width=\"529\">+ Cr Owsiank\u00f3w, Maniaszk\u00f3w, Lichwa\u0142\u00f3w, Miszewskich<\/td>\n<\/tr>\n<tr>\n<td colspan=\"2\" width=\"91\">\n<p style=\"text-align: center;\"><strong>12.30<\/strong><\/p>\n<\/td>\n<td width=\"529\">+ Alicj\u0119 Sawick\u0105 w r. \u015bm.<\/td>\n<\/tr>\n<tr>\n<td colspan=\"2\" width=\"91\">\n<p style=\"text-align: center;\"><strong>18.00<\/strong><\/p>\n<\/td>\n<td width=\"529\">+ Helen\u0119 Pariaszewsk\u0105 w r. \u015bm<\/td>\n<\/tr>\n<tr>\n<td colspan=\"3\" width=\"619\">\n<p style=\"text-align: center;\"><strong>Poniedzia\u0142ek,<\/strong>\u00a0 11 czerwca 2018<\/p>\n<\/td>\n<\/tr>\n<tr>\n<td colspan=\"3\" width=\"619\"><strong>\u00a0<\/strong><\/td>\n<\/tr>\n<tr>\n<td width=\"88\">\n<p style=\"text-align: center;\"><strong>7.00<\/strong><\/p>\n<\/td>\n<td colspan=\"2\" width=\"531\">&#8211; o uwolnienie od skutk\u00f3w grzech\u00f3w mi\u0119dzypokoleniowych i uzdrowienie z ci\u0119\u017ckiej choroby dla Katarzyny<\/td>\n<\/tr>\n<tr>\n<td width=\"88\">\n<p style=\"text-align: center;\"><strong>8.00<\/strong><\/p>\n<\/td>\n<td colspan=\"2\" width=\"531\"><\/td>\n<\/tr>\n<tr>\n<td width=\"88\">\n<p style=\"text-align: center;\"><strong>18.00<\/strong><\/p>\n<\/td>\n<td colspan=\"2\" width=\"531\">&#8211; Msza \u015aw. Zbiorowa<\/td>\n<\/tr>\n<tr>\n<td colspan=\"3\" width=\"619\">\n<p style=\"text-align: center;\"><strong>Wtorek,\u00a0<\/strong>\u00a012 czerwca 2018<\/p>\n<\/td>\n<\/tr>\n<tr>\n<td colspan=\"3\" width=\"619\"><strong>\u00a0<\/strong><\/td>\n<\/tr>\n<tr>\n<td width=\"88\">\n<p style=\"text-align: center;\"><strong>7.00<\/strong><\/p>\n<\/td>\n<td colspan=\"2\" width=\"531\">&#8211; o uwolnienie od skutk\u00f3w grzech\u00f3w mi\u0119dzypokoleniowych i uzdrowienie z ci\u0119\u017ckiej choroby dla Katarzyny<\/td>\n<\/tr>\n<tr>\n<td width=\"88\">\n<p style=\"text-align: center;\"><strong>8.30<\/strong><\/p>\n<\/td>\n<td colspan=\"2\" width=\"531\">+ Kazimier\u0119 Janikowsk\u0105 w 30 r. \u015bm., Andrzeja, Danut\u0119 Janikowskich, Eugeni\u0119 Niemirowsk\u0105<\/td>\n<\/tr>\n<tr>\n<td width=\"88\">\n<p style=\"text-align: center;\"><strong>10.00<\/strong><\/p>\n<\/td>\n<td colspan=\"2\" width=\"531\">Msza \u015aw. Zbiorowa<\/td>\n<\/tr>\n<tr>\n<td width=\"88\">\n<p style=\"text-align: center;\"><strong>18.00<\/strong><\/p>\n<\/td>\n<td colspan=\"2\" width=\"531\">Msza \u015aw. Zbiorowa<\/td>\n<\/tr>\n<tr>\n<td colspan=\"3\" width=\"619\">\n<p style=\"text-align: center;\"><strong>\u015aroda,<\/strong>\u00a0 13 czerwca 2018<\/p>\n<\/td>\n<\/tr>\n<tr>\n<td colspan=\"3\" width=\"619\"><strong>\u00a0<\/strong><\/td>\n<\/tr>\n<tr>\n<td width=\"88\">\n<p style=\"text-align: center;\"><strong>7.00<\/strong><\/p>\n<\/td>\n<td colspan=\"2\" width=\"531\">&#8211; o uwolnienie od skutk\u00f3w grzech\u00f3w mi\u0119dzypokoleniowych i uzdrowienie z ci\u0119\u017ckiej choroby dla Katarzyny<\/td>\n<\/tr>\n<tr>\n<td width=\"88\">\n<p style=\"text-align: center;\"><strong>8.00<\/strong><\/p>\n<\/td>\n<td colspan=\"2\" width=\"531\">+ Andrzeja Nie\u017cychowskiego<\/td>\n<\/tr>\n<tr>\n<td width=\"88\">\n<p style=\"text-align: center;\"><strong>17.45<\/strong><\/p>\n<\/td>\n<td colspan=\"2\" width=\"531\">NOWENNA DO MATKI BO\u017bEJ NIEUSTAJ\u0104CEJ POMOCY I MSZA \u015aWI\u0118TA<\/td>\n<\/tr>\n<tr>\n<td colspan=\"3\" width=\"619\">\n<p style=\"text-align: center;\"><strong>Czwartek,<\/strong>\u00a014 czerwca 2018<\/p>\n<\/td>\n<\/tr>\n<tr>\n<td colspan=\"3\" width=\"619\"><strong>\u00a0<\/strong><\/td>\n<\/tr>\n<tr>\n<td width=\"88\">\n<p style=\"text-align: center;\"><strong>7.00<\/strong><\/p>\n<\/td>\n<td colspan=\"2\" width=\"531\">&#8211; o uwolnienie od skutk\u00f3w grzech\u00f3w mi\u0119dzypokoleniowych i uzdrowienie z ci\u0119\u017ckiej choroby dla Katarzyny<\/td>\n<\/tr>\n<tr>\n<td width=\"88\">\n<p style=\"text-align: center;\"><strong>8.30<\/strong><\/p>\n<\/td>\n<td colspan=\"2\" width=\"531\">+ Wand\u0119, Edwarda, Wojciecha, Bogus\u0142awa Czy\u017c, Jadwig\u0119 Kubick\u0105<\/td>\n<\/tr>\n<tr>\n<td width=\"88\">\n<p style=\"text-align: center;\"><strong>18.00<\/strong><\/p>\n<\/td>\n<td colspan=\"2\" width=\"531\">R.<\/td>\n<\/tr>\n<tr>\n<td colspan=\"3\" width=\"619\">\n<p style=\"text-align: center;\"><strong>Pi\u0105tek,\u00a0<\/strong>15 czerwca \u00a0\u00a02018<\/p>\n<\/td>\n<\/tr>\n<tr>\n<td colspan=\"3\" width=\"619\"><strong>\u00a0<\/strong><\/td>\n<\/tr>\n<tr>\n<td width=\"88\">\n<p style=\"text-align: center;\"><strong>7.00<\/strong><\/p>\n<\/td>\n<td colspan=\"2\" width=\"531\">&#8211; o uwolnienie od skutk\u00f3w grzech\u00f3w mi\u0119dzypokoleniowych i uzdrowienie z ci\u0119\u017ckiej choroby dla Katarzyny<\/td>\n<\/tr>\n<tr>\n<td width=\"88\">\n<p style=\"text-align: center;\"><strong>8.00<\/strong><\/p>\n<\/td>\n<td colspan=\"2\" width=\"531\"><\/td>\n<\/tr>\n<tr>\n<td width=\"88\">\n<p style=\"text-align: center;\"><strong>18.00<\/strong><\/p>\n<\/td>\n<td colspan=\"2\" width=\"531\">+ Zygmunta w 16 r. \u015bm., Halin\u0119 Grynagier<\/td>\n<\/tr>\n<tr>\n<td colspan=\"3\" width=\"619\">\n<p style=\"text-align: center;\"><strong>Sobota,<\/strong> 16 czerwca \u00a0\u00a02018<\/p>\n<\/td>\n<\/tr>\n<tr>\n<td colspan=\"3\" width=\"619\"><strong>\u00a0<\/strong><\/td>\n<\/tr>\n<tr>\n<td width=\"88\">\n<p style=\"text-align: center;\"><strong>7.00<\/strong><\/p>\n<\/td>\n<td colspan=\"2\" width=\"531\">&#8211; o uwolnienie od skutk\u00f3w grzech\u00f3w mi\u0119dzypokoleniowych i uzdrowienie z ci\u0119\u017ckiej choroby dla Katarzyny<\/td>\n<\/tr>\n<tr>\n<td width=\"88\">\n<p style=\"text-align: center;\"><strong>8.00<\/strong><\/p>\n<\/td>\n<td colspan=\"2\" width=\"531\"><\/td>\n<\/tr>\n<tr>\n<td width=\"88\">\n<p style=\"text-align: center;\"><strong>18.00<\/strong><\/p>\n<\/td>\n<td colspan=\"2\" width=\"531\">+ J\u00f3zef\u0119 Kornack\u0105, Sytanis\u0142aw\u0119 Gepert, Stanis\u0142aw\u0119 Maryniak<\/td>\n<\/tr>\n<\/tbody>\n<\/table>\n","protected":false},"excerpt":{"rendered":"<p>Niedziela,\u00a010 czerwca 2018 &nbsp; 7.00 + Mariann\u0119, Janusza Malenty, Wac\u0142awa Oleszczuka, CR Ko\u0144k\u00f3w, Malent\u00f3w, Mate\u0144k\u00f3w, Oleszczuk\u00f3w 8.30 + Stanis\u0142aw\u0119 w 13 r. \u015bm., Wac\u0142awa, Romana, Waldemara Bajerskich &#8211; o uwolnienie od skutk\u00f3w grzech\u00f3w mi\u0119dzypokoleniowych i uzdrowienie z ci\u0119\u017ckiej choroby dla Katarzyny 10.00 + Tomasza Walug\u0119 w 11r. \u015bm. Ann\u0119, J\u00f3zefa Waluga, Czes\u0142aw\u0119, Antoniego Kuczaj, Bogumi\u0142\u0119 [&hellip;]<\/p>\n","protected":false},"author":1,"featured_media":0,"comment_status":"closed","ping_status":"open","sticky":false,"template":"","format":"standard","meta":{"ngg_post_thumbnail":0,"footnotes":""},"categories":[6],"tags":[],"class_list":["post-1710","post","type-post","status-publish","format-standard","hentry","category-intencje-mszalne"],"_links":{"self":[{"href":"https:\/\/mbloretanska.pl\/index.php?rest_route=\/wp\/v2\/posts\/1710","targetHints":{"allow":["GET"]}}],"collection":[{"href":"https:\/\/mbloretanska.pl\/index.php?rest_route=\/wp\/v2\/posts"}],"about":[{"href":"https:\/\/mbloretanska.pl\/index.php?rest_route=\/wp\/v2\/types\/post"}],"author":[{"embeddable":true,"href":"https:\/\/mbloretanska.pl\/index.php?rest_route=\/wp\/v2\/users\/1"}],"replies":[{"embeddable":true,"href":"https:\/\/mbloretanska.pl\/index.php?rest_route=%2Fwp%2Fv2%2Fcomments&post=1710"}],"version-history":[{"count":2,"href":"https:\/\/mbloretanska.pl\/index.php?rest_route=\/wp\/v2\/posts\/1710\/revisions"}],"predecessor-version":[{"id":1712,"href":"https:\/\/mbloretanska.pl\/index.php?rest_route=\/wp\/v2\/posts\/1710\/revisions\/1712"}],"wp:attachment":[{"href":"https:\/\/mbloretanska.pl\/index.php?rest_route=%2Fwp%2Fv2%2Fmedia&parent=1710"}],"wp:term":[{"taxonomy":"category","embeddable":true,"href":"https:\/\/mbloretanska.pl\/index.php?rest_route=%2Fwp%2Fv2%2Fcategories&post=1710"},{"taxonomy":"post_tag","embeddable":true,"href":"https:\/\/mbloretanska.pl\/index.php?rest_route=%2Fwp%2Fv2%2Ftags&post=1710"}],"curies":[{"name":"wp","href":"https:\/\/api.w.org\/{rel}","templated":true}]}}