{"id":1660,"date":"2018-05-19T22:40:47","date_gmt":"2018-05-19T20:40:47","guid":{"rendered":"http:\/\/mbloretanska.pl\/?p=1660"},"modified":"2018-05-19T22:40:47","modified_gmt":"2018-05-19T20:40:47","slug":"intencje-mszalne-20-26-05-2018","status":"publish","type":"post","link":"https:\/\/mbloretanska.pl\/?p=1660","title":{"rendered":"intencje mszalne 20-26.05.2018"},"content":{"rendered":"<table width=\"619\">\n<tbody>\n<tr>\n<td colspan=\"3\" width=\"619\">\n<p style=\"text-align: center;\"><strong>Niedziela,\u00a0<\/strong>20 maja 2018<\/p>\n<\/td>\n<\/tr>\n<tr>\n<td colspan=\"3\" width=\"619\">&nbsp;<\/td>\n<\/tr>\n<tr>\n<td colspan=\"2\" width=\"91\">\n<p style=\"text-align: center;\"><strong>7.00<\/strong><\/p>\n<\/td>\n<td width=\"529\">+ Stanis\u0142awa Gwiazd\u0119, rodzic\u00f3w Franciszk\u0119, Stanis\u0142awa Jarockich<\/td>\n<\/tr>\n<tr>\n<td colspan=\"2\" width=\"91\">\n<p style=\"text-align: center;\"><strong>8.30<\/strong><\/p>\n<\/td>\n<td width=\"529\">+ Ryszarda, Mari\u0119 Graczyk (20 GR)<\/td>\n<\/tr>\n<tr>\n<td colspan=\"2\" width=\"91\">\n<p style=\"text-align: center;\"><strong>10.00<\/strong><\/p>\n<\/td>\n<td width=\"529\">+ Jana w 10 r. \u015bm., Stanis\u0142aw\u0119, Leona Nowak\u00f3w, Stanis\u0142aw\u0119, Antoniego Boryni\u00f3w<\/td>\n<\/tr>\n<tr>\n<td colspan=\"2\" width=\"91\">\n<p style=\"text-align: center;\"><strong>11.00<\/strong><\/p>\n<\/td>\n<td width=\"529\">&#8211; o potrzebne \u0142aski, Bo\u017ce b\u0142og. i opiek\u0119 MB Loreta\u0144skiej dla Szymona w 5 r. urodzin<\/td>\n<\/tr>\n<tr>\n<td colspan=\"2\" width=\"91\">\n<p style=\"text-align: center;\"><strong>12.30<\/strong><\/p>\n<\/td>\n<td width=\"529\">+ Zofi\u0119, Stanis\u0142awa, J\u00f3zefa Kudli\u0144skich, Jana, Andrzeja Kr\u00f3l<\/td>\n<\/tr>\n<tr>\n<td colspan=\"2\" width=\"91\">\n<p style=\"text-align: center;\"><strong>18.00<\/strong><\/p>\n<\/td>\n<td width=\"529\">+ Halin\u0119, Stanis\u0142awa M\u0142odzianowskich<\/p>\n<p>&#8211; w intencji dzi\u0119kczynnej w 1 r. \u015blubu Agnieszki i Piotra\u00a0 z pro\u015bb\u0105 o potrzebne \u0142aski, Bo\u017ce b\u0142og. i opiek\u0119 MB Loreta\u0144skiej w \u017cyciu ma\u0142\u017ce\u0144skim i rodzinnym<\/td>\n<\/tr>\n<tr>\n<td colspan=\"3\" width=\"619\">\n<p style=\"text-align: center;\"><strong>Poniedzia\u0142ek,<\/strong>\u00a0 21 maja 2018<\/p>\n<\/td>\n<\/tr>\n<tr>\n<td colspan=\"3\" width=\"619\"><strong>\u00a0<\/strong><\/td>\n<\/tr>\n<tr>\n<td width=\"88\">\n<p style=\"text-align: center;\"><strong>7.00<\/strong><\/p>\n<\/td>\n<td colspan=\"2\" width=\"531\">+ Franciszka Pietrasa CR Pietras\u00f3w<\/td>\n<\/tr>\n<tr>\n<td width=\"88\">\n<p style=\"text-align: center;\"><strong>8.00<\/strong><\/p>\n<\/td>\n<td colspan=\"2\" width=\"531\">+\u00a0 Ryszarda, Mari\u0119 Graczyk (21 GR)<\/td>\n<\/tr>\n<tr>\n<td width=\"88\">\n<p style=\"text-align: center;\"><strong>18.00<\/strong><\/p>\n<\/td>\n<td colspan=\"2\" width=\"531\">&#8211; w intencji ks. Dariusza z racji rocznicy \u015bwi\u0119ce\u0144 kap\u0142a\u0144skich<\/td>\n<\/tr>\n<tr>\n<td colspan=\"3\" width=\"619\">\n<p style=\"text-align: center;\"><strong>Wtorek,\u00a0<\/strong>\u00a022 maja\u00a0 2018<\/p>\n<\/td>\n<\/tr>\n<tr>\n<td colspan=\"3\" width=\"619\"><strong>\u00a0<\/strong><\/td>\n<\/tr>\n<tr>\n<td width=\"88\">\n<p style=\"text-align: center;\"><strong>7.00<\/strong><\/p>\n<\/td>\n<td colspan=\"2\" width=\"531\">+ Waleriana Szachowicza w 30 dzie\u0144 po \u015bm.<\/td>\n<\/tr>\n<tr>\n<td width=\"88\">\n<p style=\"text-align: center;\"><strong>8.00<\/strong><\/p>\n<\/td>\n<td colspan=\"2\" width=\"531\">+ Ryszarda, Mari\u0119 Graczyk (22 GR)<\/td>\n<\/tr>\n<tr>\n<td width=\"88\">\n<p style=\"text-align: center;\"><strong>18.00<\/strong><\/p>\n<\/td>\n<td colspan=\"2\" width=\"531\">+ Marka Ch\u0105dzy\u0144skiego w 12 r. \u015bm. CR Ch\u0105dzy\u0144skich, Maruszak\u00f3w<\/td>\n<\/tr>\n<tr>\n<td colspan=\"3\" width=\"619\">\n<p style=\"text-align: center;\"><strong>\u015aroda,<\/strong>\u00a0 23 maja 2018<\/p>\n<\/td>\n<\/tr>\n<tr>\n<td colspan=\"3\" width=\"619\"><strong>\u00a0<\/strong><\/td>\n<\/tr>\n<tr>\n<td width=\"88\">\n<p style=\"text-align: center;\"><strong>7.00<\/strong><\/p>\n<\/td>\n<td colspan=\"2\" width=\"531\">+ J\u00f3zef\u0119 Maryniak<\/td>\n<\/tr>\n<tr>\n<td width=\"88\">\n<p style=\"text-align: center;\"><strong>8.00<\/strong><\/p>\n<\/td>\n<td colspan=\"2\" width=\"531\">+ Ryszarda, Mari\u0119 Graczyk (23 Gr)<\/td>\n<\/tr>\n<tr>\n<td width=\"88\">\n<p style=\"text-align: center;\"><strong>17.45<\/strong><\/p>\n<\/td>\n<td colspan=\"2\" width=\"531\">NOWENNA DO MATKI BO\u017bEJ NIEUSTAJ\u0104CEJ POMOCY<\/td>\n<\/tr>\n<tr>\n<td colspan=\"3\" width=\"619\">\n<p style=\"text-align: center;\"><strong>Czwartek,<\/strong>\u00a0 24 maja\u00a0 2018<\/p>\n<\/td>\n<\/tr>\n<tr>\n<td colspan=\"3\" width=\"619\"><strong>\u00a0<\/strong><\/td>\n<\/tr>\n<tr>\n<td width=\"88\">\n<p style=\"text-align: center;\"><strong>7.00<\/strong><\/p>\n<\/td>\n<td colspan=\"2\" width=\"531\">+ Mari\u0119 Budzy\u0144sk\u0105 w 35 r. \u015bm.Cr Budzy\u0144skich i Dunin-W\u0105sowicz\u00f3w<\/td>\n<\/tr>\n<tr>\n<td width=\"88\">\n<p style=\"text-align: center;\"><strong>8.00<\/strong><\/p>\n<\/td>\n<td colspan=\"2\" width=\"531\">+ Ryszarda, Mari\u0119 Graczyk (24 Gr)<\/td>\n<\/tr>\n<tr>\n<td width=\"88\">\n<p style=\"text-align: center;\"><strong>18.00<\/strong><\/p>\n<\/td>\n<td colspan=\"2\" width=\"531\">+ Agnieszk\u0119 D\u0105browsk\u0105 w 1 r. \u015bm.<\/td>\n<\/tr>\n<tr>\n<td colspan=\"3\" width=\"619\">\n<p style=\"text-align: center;\"><strong>Pi\u0105tek,<\/strong> 25 \u00a0maja \u00a02018<\/p>\n<\/td>\n<\/tr>\n<tr>\n<td colspan=\"3\" width=\"619\"><strong>\u00a0<\/strong><\/td>\n<\/tr>\n<tr>\n<td width=\"88\">\n<p style=\"text-align: center;\"><strong>7.00<\/strong><\/p>\n<\/td>\n<td colspan=\"2\" width=\"531\">+ Juli\u0119 w 32 r. \u015bm. CR Jurk\u00f3w i Chyli\u0144skich<\/td>\n<\/tr>\n<tr>\n<td width=\"88\">\n<p style=\"text-align: center;\"><strong>8.00<\/strong><\/p>\n<\/td>\n<td colspan=\"2\" width=\"531\">+ Ryszarda, Mari\u0119 Graczyk (25 GR)<\/td>\n<\/tr>\n<tr>\n<td width=\"88\">\n<p style=\"text-align: center;\"><strong>18.00<\/strong><\/p>\n<\/td>\n<td colspan=\"2\" width=\"531\">+ Franciszk\u0119 i Micha\u0142a Puc<\/td>\n<\/tr>\n<tr>\n<td colspan=\"3\" width=\"619\">\n<p style=\"text-align: center;\"><strong>Sobota,<\/strong>\u00a0 26 maja\u00a0 2018<\/p>\n<\/td>\n<\/tr>\n<tr>\n<td colspan=\"3\" width=\"619\"><strong>\u00a0<\/strong><\/td>\n<\/tr>\n<tr>\n<td width=\"88\">\n<p style=\"text-align: center;\"><strong>7.00<\/strong><\/p>\n<\/td>\n<td colspan=\"2\" width=\"531\">+ Ryszarda, Mari\u0119 Graczyk (26 GR)<\/td>\n<\/tr>\n<tr>\n<td width=\"88\">\n<p style=\"text-align: center;\"><strong>8.00<\/strong><\/p>\n<\/td>\n<td colspan=\"2\" width=\"531\">&nbsp;<\/td>\n<\/tr>\n<tr>\n<td width=\"88\">\n<p style=\"text-align: center;\"><strong>18.00<\/strong><\/p>\n<\/td>\n<td colspan=\"2\" width=\"531\">+ Mariann\u0119 Malczewsk\u0105, Mari\u0119 Mirosz\u00a0 zm. z CR<\/td>\n<\/tr>\n<\/tbody>\n<\/table>\n","protected":false},"excerpt":{"rendered":"<p>Niedziela,\u00a020 maja 2018 &nbsp; 7.00 + Stanis\u0142awa Gwiazd\u0119, rodzic\u00f3w Franciszk\u0119, Stanis\u0142awa Jarockich 8.30 + Ryszarda, Mari\u0119 Graczyk (20 GR) 10.00 + Jana w 10 r. \u015bm., Stanis\u0142aw\u0119, Leona Nowak\u00f3w, Stanis\u0142aw\u0119, Antoniego Boryni\u00f3w 11.00 &#8211; o potrzebne \u0142aski, Bo\u017ce b\u0142og. i opiek\u0119 MB Loreta\u0144skiej dla Szymona w 5 r. urodzin 12.30 + Zofi\u0119, Stanis\u0142awa, J\u00f3zefa Kudli\u0144skich, [&hellip;]<\/p>\n","protected":false},"author":1,"featured_media":0,"comment_status":"closed","ping_status":"open","sticky":false,"template":"","format":"standard","meta":{"ngg_post_thumbnail":0,"footnotes":""},"categories":[6],"tags":[],"class_list":["post-1660","post","type-post","status-publish","format-standard","hentry","category-intencje-mszalne"],"_links":{"self":[{"href":"https:\/\/mbloretanska.pl\/index.php?rest_route=\/wp\/v2\/posts\/1660","targetHints":{"allow":["GET"]}}],"collection":[{"href":"https:\/\/mbloretanska.pl\/index.php?rest_route=\/wp\/v2\/posts"}],"about":[{"href":"https:\/\/mbloretanska.pl\/index.php?rest_route=\/wp\/v2\/types\/post"}],"author":[{"embeddable":true,"href":"https:\/\/mbloretanska.pl\/index.php?rest_route=\/wp\/v2\/users\/1"}],"replies":[{"embeddable":true,"href":"https:\/\/mbloretanska.pl\/index.php?rest_route=%2Fwp%2Fv2%2Fcomments&post=1660"}],"version-history":[{"count":2,"href":"https:\/\/mbloretanska.pl\/index.php?rest_route=\/wp\/v2\/posts\/1660\/revisions"}],"predecessor-version":[{"id":1665,"href":"https:\/\/mbloretanska.pl\/index.php?rest_route=\/wp\/v2\/posts\/1660\/revisions\/1665"}],"wp:attachment":[{"href":"https:\/\/mbloretanska.pl\/index.php?rest_route=%2Fwp%2Fv2%2Fmedia&parent=1660"}],"wp:term":[{"taxonomy":"category","embeddable":true,"href":"https:\/\/mbloretanska.pl\/index.php?rest_route=%2Fwp%2Fv2%2Fcategories&post=1660"},{"taxonomy":"post_tag","embeddable":true,"href":"https:\/\/mbloretanska.pl\/index.php?rest_route=%2Fwp%2Fv2%2Ftags&post=1660"}],"curies":[{"name":"wp","href":"https:\/\/api.w.org\/{rel}","templated":true}]}}