{"id":1613,"date":"2018-05-05T14:50:39","date_gmt":"2018-05-05T12:50:39","guid":{"rendered":"http:\/\/mbloretanska.pl\/?p=1613"},"modified":"2018-05-05T14:51:20","modified_gmt":"2018-05-05T12:51:20","slug":"vi-niedziela-wielkanocna-6-maj-2018","status":"publish","type":"post","link":"https:\/\/mbloretanska.pl\/?p=1613","title":{"rendered":"VI niedziela wielkanocna, 6 maj 2018"},"content":{"rendered":"<p><span style=\"color: #000000;\">1. Zapraszamy na nabo\u017ce\u0144stwa majowe, kt\u00f3re w naszym ko\u015bciele odprawiane s\u0105 w niedziele i \u015bwi\u0119ta o godz. 17.30, a w dni powszednie po Mszy \u015bw. wieczornej.<\/span><\/p>\n<p><span style=\"color: #000000;\">2. Dzi\u015b \u00a0o godz. 16.00 spotkanie K\u00f3\u0142 \u017bywego R\u00f3\u017ca\u0144ca.<\/span><\/p>\n<p><span style=\"color: #000000;\">3. We wtorek 8 maja uroczysto\u015b\u0107 \u015bw. Stanis\u0142awa biskupa i m\u0119czennika, g\u0142\u00f3wnego patrona Polski. Msze \u015bw. o godz. 7.00, 8.00 i 18.00.<\/span><\/p>\n<p><span style=\"color: #000000;\">4. W pi\u0105tek 11 maja nowenna przed nawiedzeniem Obrazu Matki Bo\u017cej Cz\u0119stochowskiej, kt\u00f3re nast\u0105pi w naszej parafii ju\u017c za miesi\u0105c 11 i 12 czerwca. \u00a0\u00a0O godz. 19.00 zapraszamy przedstawicieli wszystkich naszych grup i wsp\u00f3lnot parafialnych na spotkanie w zwi\u0105zku z przygotowaniem do Nawiedzenia. W tym dniu rozpoczniemy te\u017c nowenn\u0119 do Ducha \u015aw. przed Uroczysto\u015bci\u0105 Zes\u0142ania Ducha \u015aw.<\/span><\/p>\n<p><span style=\"color: #000000;\">5. W sobot\u0119 12 maja uroczysto\u015b\u0107 NMP \u0141askawej, patronki Stolicy.<\/span><\/p>\n<p><span style=\"color: #000000;\">6. Za tydzie\u0144 13 maja Wniebowst\u0105pienie Pa\u0144skie. Na Mszy \u015bw. o godz. 11.00 dzieci z kl. IV b\u0119d\u0105 obchodzi\u0107 uroczysto\u015b\u0107 rocznicy I Komunii \u015awi\u0119tej.<\/span><\/p>\n<p><span style=\"color: #000000;\">7. W roku 2017 prze\u017cywali\u015bmy 100-tn\u0105 rocznic\u0119 objawie\u0144 Matki Bo\u017cej w Fatimie. Na pami\u0105tk\u0119 tej rocznicy zosta\u0142a dla naszej parafii zakupiona figura Matki Bo\u017cej. W przysz\u0142\u0105 niedziel\u0119 13 maja pragniemy na t\u0119 figur\u0119 na\u0142o\u017cy\u0107 koron\u0119, kt\u00f3ra zosta\u0142a zakupiona i po\u015bwi\u0119cona w Fatimie \u2013 w miejscu objawie\u0144. Serdecznie zapraszamy na Uroczyst\u0105 Msz\u0119 \u015bw. z na\u0142o\u017ceniem korony, kt\u00f3ra zostanie odprawiona o godz. 18.00. Po Mszy \u015bw. procesja fatimska po\u0142\u0105czona z nabo\u017ce\u0144stwem majowym \/z tej racji nie b\u0119dzie nabo\u017ce\u0144stwa majowego o godz. 17.30 \/.<\/span><\/p>\n<p><span style=\"color: #000000;\">8. Za tydzie\u0144 na procesj\u0119 fatimsk\u0105 zapraszamy r\u00f3wnie\u017c kandydat\u00f3w do bierzmowania, dla kt\u00f3rych ta modlitwa b\u0119dzie kolejnym krokiem w przygotowaniu do przyj\u0119cia tego sakramentu.<\/span><\/p>\n<p><span style=\"color: #000000;\">9. Zach\u0119camy do lektury tygodnika Idziemy oraz gazetki parafialnej \u201eWe\u017a Ewangeli\u0119 do Domu\u201d.<\/span><\/p>\n","protected":false},"excerpt":{"rendered":"<p>1. Zapraszamy na nabo\u017ce\u0144stwa majowe, kt\u00f3re w naszym ko\u015bciele odprawiane s\u0105 w niedziele i \u015bwi\u0119ta o godz. 17.30, a w dni powszednie po Mszy \u015bw. wieczornej. 2. Dzi\u015b \u00a0o godz. 16.00 spotkanie K\u00f3\u0142 \u017bywego R\u00f3\u017ca\u0144ca. 3. We wtorek 8 maja uroczysto\u015b\u0107 \u015bw. Stanis\u0142awa biskupa i m\u0119czennika, g\u0142\u00f3wnego patrona Polski. Msze \u015bw. o godz. 7.00, 8.00 [&hellip;]<\/p>\n","protected":false},"author":1,"featured_media":0,"comment_status":"closed","ping_status":"open","sticky":false,"template":"","format":"standard","meta":{"ngg_post_thumbnail":0,"footnotes":""},"categories":[3],"tags":[],"class_list":["post-1613","post","type-post","status-publish","format-standard","hentry","category-ogloszenia-duszpasterskie"],"_links":{"self":[{"href":"https:\/\/mbloretanska.pl\/index.php?rest_route=\/wp\/v2\/posts\/1613","targetHints":{"allow":["GET"]}}],"collection":[{"href":"https:\/\/mbloretanska.pl\/index.php?rest_route=\/wp\/v2\/posts"}],"about":[{"href":"https:\/\/mbloretanska.pl\/index.php?rest_route=\/wp\/v2\/types\/post"}],"author":[{"embeddable":true,"href":"https:\/\/mbloretanska.pl\/index.php?rest_route=\/wp\/v2\/users\/1"}],"replies":[{"embeddable":true,"href":"https:\/\/mbloretanska.pl\/index.php?rest_route=%2Fwp%2Fv2%2Fcomments&post=1613"}],"version-history":[{"count":3,"href":"https:\/\/mbloretanska.pl\/index.php?rest_route=\/wp\/v2\/posts\/1613\/revisions"}],"predecessor-version":[{"id":1615,"href":"https:\/\/mbloretanska.pl\/index.php?rest_route=\/wp\/v2\/posts\/1613\/revisions\/1615"}],"wp:attachment":[{"href":"https:\/\/mbloretanska.pl\/index.php?rest_route=%2Fwp%2Fv2%2Fmedia&parent=1613"}],"wp:term":[{"taxonomy":"category","embeddable":true,"href":"https:\/\/mbloretanska.pl\/index.php?rest_route=%2Fwp%2Fv2%2Fcategories&post=1613"},{"taxonomy":"post_tag","embeddable":true,"href":"https:\/\/mbloretanska.pl\/index.php?rest_route=%2Fwp%2Fv2%2Ftags&post=1613"}],"curies":[{"name":"wp","href":"https:\/\/api.w.org\/{rel}","templated":true}]}}