{"id":1610,"date":"2018-05-05T14:46:23","date_gmt":"2018-05-05T12:46:23","guid":{"rendered":"http:\/\/mbloretanska.pl\/?p=1610"},"modified":"2018-05-05T14:46:23","modified_gmt":"2018-05-05T12:46:23","slug":"intencje-mszalne-06-05-12-05-18","status":"publish","type":"post","link":"https:\/\/mbloretanska.pl\/?p=1610","title":{"rendered":"intencje mszalne 06.05-12.05.18"},"content":{"rendered":"<table>\n<tbody>\n<tr>\n<td colspan=\"3\" width=\"774\">\n<p style=\"text-align: center;\"><strong>Niedziela<\/strong>,\u00a06 maja 2018<\/p>\n<\/td>\n<\/tr>\n<tr>\n<td colspan=\"3\" width=\"774\">&nbsp;<\/td>\n<\/tr>\n<tr>\n<td colspan=\"2\" width=\"113\">\n<p style=\"text-align: center;\"><strong>7.00<\/strong><\/p>\n<\/td>\n<td style=\"text-align: center;\" width=\"661\">\n<p style=\"text-align: left;\">+ Mariann\u0119, Janusza Malenty, Wac\u0142awa Oleszcuka, CR Ko\u0144k\u00f3w, Malent\u00f3w, Mate\u0144k\u00f3w, Oleszczuk\u00f3w<\/p>\n<\/td>\n<\/tr>\n<tr>\n<td colspan=\"2\" width=\"113\">\n<p style=\"text-align: center;\"><strong>8.30<\/strong><\/p>\n<\/td>\n<td width=\"661\">+ Ryszarda, Mari\u0119 Graczyk (6 GR)<\/td>\n<\/tr>\n<tr>\n<td colspan=\"2\" width=\"113\">\n<p style=\"text-align: center;\"><strong>10.00<\/strong><\/p>\n<\/td>\n<td width=\"661\">+ Stanis\u0142awa Koczara z racji imienin<\/td>\n<\/tr>\n<tr>\n<td colspan=\"2\" width=\"113\">\n<p style=\"text-align: center;\"><strong>11.00<\/strong><\/p>\n<\/td>\n<td width=\"661\"><\/td>\n<\/tr>\n<tr>\n<td colspan=\"2\" width=\"113\">\n<p style=\"text-align: center;\"><strong>12.30<\/strong><\/p>\n<\/td>\n<td width=\"661\">+ Stanis\u0142awa Jaglaka w 10 r. \u015bm., Katarzyn\u0119, Franciszka, Mari\u0119, Edwarda, Kazimier\u0119 Jaglak\u00f3w, Ludwik\u0119, Jana Nowakowskich<\/td>\n<\/tr>\n<tr>\n<td colspan=\"2\" width=\"113\">\n<p style=\"text-align: center;\"><strong>18.00<\/strong><\/p>\n<\/td>\n<td width=\"661\">+ Stanis\u0142awa, Jadwig\u0119 B\u0142a\u017cewicz, Regin\u0119, Wies\u0142aw\u0119, Henryka D\u0105browskich<\/td>\n<\/tr>\n<tr>\n<td colspan=\"3\" width=\"774\">\n<p style=\"text-align: center;\"><strong>Poniedzia\u0142ek<\/strong>,<strong>\u00a0<\/strong>7 maja 2018<\/p>\n<\/td>\n<\/tr>\n<tr>\n<td colspan=\"3\" width=\"774\">&nbsp;<\/td>\n<\/tr>\n<tr>\n<td width=\"110\">\n<p style=\"text-align: center;\"><strong>7.00<\/strong><\/p>\n<\/td>\n<td colspan=\"2\" width=\"664\">+ Jerzego, Stanis\u0142awa Czerbniak z racji imienin<\/td>\n<\/tr>\n<tr>\n<td width=\"110\">\n<p style=\"text-align: center;\"><strong>\u00a08.00<\/strong><\/p>\n<\/td>\n<td colspan=\"2\" width=\"664\">+\u00a0 Ryszarda, Mari\u0119 Graczyk (7 GR)<\/td>\n<\/tr>\n<tr>\n<td width=\"110\">\n<p style=\"text-align: center;\"><strong>18.00<\/strong><\/p>\n<\/td>\n<td colspan=\"2\" width=\"664\">+ Stanis\u0142awa i Zuzann\u0119 So\u0142tysiak<\/td>\n<\/tr>\n<tr>\n<td colspan=\"3\" width=\"774\">\n<p style=\"text-align: center;\"><strong>Wtorek,<\/strong>8 maja\u00a0 2018<\/p>\n<\/td>\n<\/tr>\n<tr>\n<td colspan=\"3\" width=\"774\">&nbsp;<\/td>\n<\/tr>\n<tr>\n<td width=\"110\">\n<p style=\"text-align: center;\"><strong>7.00<\/strong><\/p>\n<\/td>\n<td colspan=\"2\" width=\"664\">+ Ryszarda, Mari\u0119 Graczyk (8 GR)<\/td>\n<\/tr>\n<tr>\n<td width=\"110\">\n<p style=\"text-align: center;\"><strong>8.00<\/strong><\/p>\n<\/td>\n<td colspan=\"2\" width=\"664\">+ Aleksandr\u0119 Sobczak z racji imienin oraz jej rodzic\u00f3w i rodze\u0144stwo<\/td>\n<\/tr>\n<tr>\n<td width=\"110\">\n<p style=\"text-align: center;\"><strong>18.00<\/strong><\/p>\n<\/td>\n<td colspan=\"2\" width=\"664\">+ Krzysztofa Czekaja w 1 r. \u015bm. Cr Czekaj\u00f3w<\/td>\n<\/tr>\n<tr>\n<td colspan=\"3\" width=\"774\">\n<p style=\"text-align: center;\"><strong>\u015aroda,<\/strong>\u00a09 maja 2018<\/p>\n<\/td>\n<\/tr>\n<tr>\n<td colspan=\"3\" width=\"774\">&nbsp;<\/td>\n<\/tr>\n<tr>\n<td width=\"110\">\n<p style=\"text-align: center;\"><strong>7.00<\/strong><\/p>\n<\/td>\n<td colspan=\"2\" width=\"664\">+ Piotra w 3 r. \u015bm. Andzreja, Franciszk\u0119, Walentego Kotus<\/td>\n<\/tr>\n<tr>\n<td width=\"110\">\n<p style=\"text-align: center;\"><strong>8.00<\/strong><\/p>\n<\/td>\n<td colspan=\"2\" width=\"664\">+ Ryszarda, Mari\u0119 Graczyk (9 Gr)<\/td>\n<\/tr>\n<tr>\n<td width=\"110\">\n<p style=\"text-align: center;\"><strong>\u00a017.45<\/strong><\/p>\n<\/td>\n<td colspan=\"2\" width=\"664\">NOWENNA DO MATKI BO\u017bEJ NIEUSTAJ\u0104CEJ POMOCY<\/td>\n<\/tr>\n<tr>\n<td colspan=\"3\" width=\"774\">\n<p style=\"text-align: center;\"><strong>Czwartek,\u00a0<\/strong>10 maja\u00a0 2018<\/p>\n<\/td>\n<\/tr>\n<tr>\n<td colspan=\"3\" width=\"774\">&nbsp;<\/td>\n<\/tr>\n<tr>\n<td width=\"110\">\n<p style=\"text-align: center;\"><strong>7.00<\/strong><\/p>\n<\/td>\n<td colspan=\"2\" width=\"664\">+ Stanis\u0142awa Zdu\u0144czyka<\/td>\n<\/tr>\n<tr>\n<td width=\"110\">\n<p style=\"text-align: center;\"><strong>8.00<\/strong><\/p>\n<\/td>\n<td colspan=\"2\" width=\"664\">+ Ryszarda, Mari\u0119 Graczyk (10 Gr)<\/td>\n<\/tr>\n<tr>\n<td width=\"110\">\n<p style=\"text-align: center;\"><strong>18.00<\/strong><\/p>\n<\/td>\n<td colspan=\"2\" width=\"664\">+ J\u00f3zef\u0119, Edmunda Gruszczy\u0144skich, Genowef\u0119 Doma\u0144sk\u0105, Hann\u0119, Kazimierza Dybowskich<\/td>\n<\/tr>\n<tr>\n<td colspan=\"3\" width=\"774\">\n<p style=\"text-align: center;\"><strong>Pi\u0105tek, <\/strong>11 \u00a0maja 2018<\/p>\n<\/td>\n<\/tr>\n<tr>\n<td colspan=\"3\" width=\"774\">&nbsp;<\/td>\n<\/tr>\n<tr>\n<td width=\"110\">\n<p style=\"text-align: center;\"><strong>7.00<\/strong><\/p>\n<\/td>\n<td colspan=\"2\" width=\"664\">+ Barbar\u0119 S\u0142obodzin w 5 r. \u015bm.<\/td>\n<\/tr>\n<tr>\n<td width=\"110\">\n<p style=\"text-align: center;\"><strong>8.00<\/strong><\/p>\n<\/td>\n<td colspan=\"2\" width=\"664\">+ Ryszarda, Mari\u0119 Graczyk (11 GR)<\/td>\n<\/tr>\n<tr>\n<td width=\"110\">\n<p style=\"text-align: center;\"><strong>18.00<\/strong><\/p>\n<\/td>\n<td colspan=\"2\" width=\"664\">+ Romana Pi\u00f3rkowskiego w 1 r. \u015bm. CR Pi\u00f3rkowskich<\/td>\n<\/tr>\n<tr>\n<td colspan=\"3\" width=\"774\">\n<p style=\"text-align: center;\"><strong>Sobota,\u00a0<\/strong>12 maja\u00a0 2018<\/p>\n<\/td>\n<\/tr>\n<tr>\n<td colspan=\"3\" width=\"774\">&nbsp;<\/td>\n<\/tr>\n<tr>\n<td width=\"110\">\n<p style=\"text-align: center;\"><strong>7.00<\/strong><\/p>\n<\/td>\n<td colspan=\"2\" width=\"664\">+ Ryszarda, Mari\u0119 Graczyk (12 GR)<\/td>\n<\/tr>\n<tr>\n<td width=\"110\">\n<p style=\"text-align: center;\"><strong>8.00<\/strong><\/p>\n<\/td>\n<td colspan=\"2\" width=\"664\">\u015aw. Micha\u0142 Archanio\u0142<\/td>\n<\/tr>\n<tr>\n<td width=\"110\">\n<p style=\"text-align: center;\"><strong>18.00<\/strong><\/p>\n<\/td>\n<td colspan=\"2\" width=\"664\">+ Helen\u0119, J\u00f3zefa, Waldemara, Barnab\u0119 Zbroszczyk\u00f3w, Jana Gli\u0144skiego<\/td>\n<\/tr>\n<\/tbody>\n<\/table>\n","protected":false},"excerpt":{"rendered":"<p>Niedziela,\u00a06 maja 2018 &nbsp; 7.00 + Mariann\u0119, Janusza Malenty, Wac\u0142awa Oleszcuka, CR Ko\u0144k\u00f3w, Malent\u00f3w, Mate\u0144k\u00f3w, Oleszczuk\u00f3w 8.30 + Ryszarda, Mari\u0119 Graczyk (6 GR) 10.00 + Stanis\u0142awa Koczara z racji imienin 11.00 12.30 + Stanis\u0142awa Jaglaka w 10 r. \u015bm., Katarzyn\u0119, Franciszka, Mari\u0119, Edwarda, Kazimier\u0119 Jaglak\u00f3w, Ludwik\u0119, Jana Nowakowskich 18.00 + Stanis\u0142awa, Jadwig\u0119 B\u0142a\u017cewicz, Regin\u0119, Wies\u0142aw\u0119, [&hellip;]<\/p>\n","protected":false},"author":1,"featured_media":0,"comment_status":"closed","ping_status":"open","sticky":false,"template":"","format":"standard","meta":{"ngg_post_thumbnail":0,"footnotes":""},"categories":[6],"tags":[],"class_list":["post-1610","post","type-post","status-publish","format-standard","hentry","category-intencje-mszalne"],"_links":{"self":[{"href":"https:\/\/mbloretanska.pl\/index.php?rest_route=\/wp\/v2\/posts\/1610","targetHints":{"allow":["GET"]}}],"collection":[{"href":"https:\/\/mbloretanska.pl\/index.php?rest_route=\/wp\/v2\/posts"}],"about":[{"href":"https:\/\/mbloretanska.pl\/index.php?rest_route=\/wp\/v2\/types\/post"}],"author":[{"embeddable":true,"href":"https:\/\/mbloretanska.pl\/index.php?rest_route=\/wp\/v2\/users\/1"}],"replies":[{"embeddable":true,"href":"https:\/\/mbloretanska.pl\/index.php?rest_route=%2Fwp%2Fv2%2Fcomments&post=1610"}],"version-history":[{"count":2,"href":"https:\/\/mbloretanska.pl\/index.php?rest_route=\/wp\/v2\/posts\/1610\/revisions"}],"predecessor-version":[{"id":1612,"href":"https:\/\/mbloretanska.pl\/index.php?rest_route=\/wp\/v2\/posts\/1610\/revisions\/1612"}],"wp:attachment":[{"href":"https:\/\/mbloretanska.pl\/index.php?rest_route=%2Fwp%2Fv2%2Fmedia&parent=1610"}],"wp:term":[{"taxonomy":"category","embeddable":true,"href":"https:\/\/mbloretanska.pl\/index.php?rest_route=%2Fwp%2Fv2%2Fcategories&post=1610"},{"taxonomy":"post_tag","embeddable":true,"href":"https:\/\/mbloretanska.pl\/index.php?rest_route=%2Fwp%2Fv2%2Ftags&post=1610"}],"curies":[{"name":"wp","href":"https:\/\/api.w.org\/{rel}","templated":true}]}}