{"id":1596,"date":"2018-04-29T10:47:57","date_gmt":"2018-04-29T08:47:57","guid":{"rendered":"http:\/\/mbloretanska.pl\/?p=1596"},"modified":"2018-04-29T10:47:57","modified_gmt":"2018-04-29T08:47:57","slug":"v-niedziela-wielkanocna-29-04-2018","status":"publish","type":"post","link":"https:\/\/mbloretanska.pl\/?p=1596","title":{"rendered":"V niedziela wielkanocna 29.04.2018"},"content":{"rendered":"<p><span style=\"color: #000000;\">1. Dzi\u015b go\u015bcimy w naszej parafii ks. Jaros\u0142awa Dziedzica misjonarza z Boliwii, kt\u00f3ry przez ca\u0142y dzie\u0144 g\u0142osi nam kazania. Po mszach \u015bw. przed ko\u015bcio\u0142em mo\u017cemy jego prac\u0119 misyjn\u0105 wesprze\u0107 swoimi ofiarami. <\/span><\/p>\n<p>2. We wtorek 1 maja pocz\u0105tek miesi\u0105ca po\u015bwi\u0119conego Matce Bo\u017cej. Zapraszamy na nabo\u017ce\u0144stwa majowe, kt\u00f3re w naszym ko\u015bciele odprawiane s\u0105 w niedziele i \u015bwi\u0119ta o godz. 17.30, a w dni powszednie po Mszy \u015bw. wieczornej.<\/p>\n<p>3. W czwartek 3 maja wielka Uroczysto\u015b\u0107 NMP Kr\u00f3lowej Polski, g\u0142\u00f3wnej patronki naszej Ojczyzny. Msze \u015bw. wed\u0142ug porz\u0105dku niedzielnego, nabo\u017ce\u0144stwo majowe o godz. 17.30.<\/p>\n<p>4. W pi\u0105tek 4 maja wspomnienie \u015bw. Floriana patrona diecezji warszawsko \u2013 praskiej i pierwszy pi\u0105tek miesi\u0105ca. Diecezjanom i go\u015bciom, kt\u00f3rzy w tym dniu b\u0119d\u0105 przebywali na terenie diecezji warszawsko-praskiej biskup Romuald Kami\u0144ski udziela dyspensy od wstrzemi\u0119\u017aliwo\u015bci od pokarm\u00f3w mi\u0119snych. Korzystaj\u0105c z dyspensy nale\u017cy odm\u00f3wi\u0107 modlitw\u0119 w intencji Ojczyzny i Diecezji.<\/p>\n<p>5. W sobot\u0119 z racji I soboty miesi\u0105ca Msza \u015bw. wynagradzaj\u0105ca Niepokalanemu Sercu Maryi o godz. 8.00.<\/p>\n<p>6. Wszystkim solenizantom i solenizantkom tego tygodnia \u017cyczymy opieki \u015bwi\u0119tych patron\u00f3w i mi\u0142o\u015bci od bliskich. W dniu imienin b\u0119dziemy otacza\u0107 ich nasz\u0105 modlitw\u0105. \u017byczymy te\u017c dobrego, udanego odpoczynku wszystkim korzystaj\u0105cym z dobrodziejstwa tzw. d\u0142ugiego weekendu.<\/p>\n<p>7. <span style=\"color: #000000;\">Zach\u0119camy do lektury tygodnika Idziemy oraz gazetki parafialnej \u201eWe\u017a Ewangeli\u0119 do Domu\u201d.<\/span><\/p>\n","protected":false},"excerpt":{"rendered":"<p>1. Dzi\u015b go\u015bcimy w naszej parafii ks. Jaros\u0142awa Dziedzica misjonarza z Boliwii, kt\u00f3ry przez ca\u0142y dzie\u0144 g\u0142osi nam kazania. Po mszach \u015bw. przed ko\u015bcio\u0142em mo\u017cemy jego prac\u0119 misyjn\u0105 wesprze\u0107 swoimi ofiarami. 2. We wtorek 1 maja pocz\u0105tek miesi\u0105ca po\u015bwi\u0119conego Matce Bo\u017cej. Zapraszamy na nabo\u017ce\u0144stwa majowe, kt\u00f3re w naszym ko\u015bciele odprawiane s\u0105 w niedziele i \u015bwi\u0119ta [&hellip;]<\/p>\n","protected":false},"author":1,"featured_media":0,"comment_status":"closed","ping_status":"open","sticky":false,"template":"","format":"standard","meta":{"ngg_post_thumbnail":0,"footnotes":""},"categories":[3],"tags":[],"class_list":["post-1596","post","type-post","status-publish","format-standard","hentry","category-ogloszenia-duszpasterskie"],"_links":{"self":[{"href":"https:\/\/mbloretanska.pl\/index.php?rest_route=\/wp\/v2\/posts\/1596","targetHints":{"allow":["GET"]}}],"collection":[{"href":"https:\/\/mbloretanska.pl\/index.php?rest_route=\/wp\/v2\/posts"}],"about":[{"href":"https:\/\/mbloretanska.pl\/index.php?rest_route=\/wp\/v2\/types\/post"}],"author":[{"embeddable":true,"href":"https:\/\/mbloretanska.pl\/index.php?rest_route=\/wp\/v2\/users\/1"}],"replies":[{"embeddable":true,"href":"https:\/\/mbloretanska.pl\/index.php?rest_route=%2Fwp%2Fv2%2Fcomments&post=1596"}],"version-history":[{"count":2,"href":"https:\/\/mbloretanska.pl\/index.php?rest_route=\/wp\/v2\/posts\/1596\/revisions"}],"predecessor-version":[{"id":1598,"href":"https:\/\/mbloretanska.pl\/index.php?rest_route=\/wp\/v2\/posts\/1596\/revisions\/1598"}],"wp:attachment":[{"href":"https:\/\/mbloretanska.pl\/index.php?rest_route=%2Fwp%2Fv2%2Fmedia&parent=1596"}],"wp:term":[{"taxonomy":"category","embeddable":true,"href":"https:\/\/mbloretanska.pl\/index.php?rest_route=%2Fwp%2Fv2%2Fcategories&post=1596"},{"taxonomy":"post_tag","embeddable":true,"href":"https:\/\/mbloretanska.pl\/index.php?rest_route=%2Fwp%2Fv2%2Ftags&post=1596"}],"curies":[{"name":"wp","href":"https:\/\/api.w.org\/{rel}","templated":true}]}}