{"id":1560,"date":"2018-04-21T21:56:22","date_gmt":"2018-04-21T19:56:22","guid":{"rendered":"http:\/\/mbloretanska.pl\/?p=1560"},"modified":"2018-04-21T21:56:44","modified_gmt":"2018-04-21T19:56:44","slug":"iv-niedziela-wielkanocna-22-kwiecien-2018","status":"publish","type":"post","link":"https:\/\/mbloretanska.pl\/?p=1560","title":{"rendered":"IV niedziela wielkanocna, 22 kwiecie\u0144 2018"},"content":{"rendered":"<ol>\n<li>Dzi\u015b w 4 niedziel\u0119 wielkanocn\u0105 zwan\u0105 Niedziel\u0105 Dobrego Pasterza modlimy si\u0119 o dobre i liczne powo\u0142ania kap\u0142a\u0144skie i zakonne. Dzi\u0119kujemy za z\u0142o\u017cone na tac\u0119 ofiary przeznaczone na seminarium. W ca\u0142ym naszym dekanacie go\u015bcimy kleryk\u00f3w z Wy\u017cszego Seminarium Duchownego. Dzi\u0119kujemy im za \u015bwiadectwo wiary i mamy nadziej\u0119, \u017ce wkr\u00f3tce znajd\u0105 na\u015bladowc\u00f3w, kt\u00f3rzy powi\u0119ksz\u0105 grono kap\u0142an\u00f3w pochodz\u0105cych z naszej parafii.<\/li>\n<li>Jutro uroczysto\u015b\u0107 \u015bw. Wojciecha, biskupa i m\u0119czennika g\u0142\u00f3wnego patrona Polski. Msze \u015bw. jak w zwyk\u0142y dzie\u0144.<\/li>\n<li>W \u015brod\u0119 dzie\u0144 imienin Biskupa Marka Solarczyka oraz ks. Jarka naszego wikariusza. Czcigodnym Solenizantom sk\u0142adamy serdeczne \u017cyczenia Bo\u017cego b\u0142ogos\u0142awie\u0144stwa, zdrowia i rado\u015bci z pe\u0142nienia kap\u0142a\u0144skiej pos\u0142ugi. Msza \u015bw. imieninowa w intencji ks. Jarka w poniedzia\u0142ek 23 kwietnia o godz. 18.00<\/li>\n<li>Wszystkim solenizantom i solenizantkom tego tygodnia \u2013 w\u015br\u00f3d kt\u00f3rych jest tak\u017ce pan Wojciech nasz organista \u2013 \u017cyczymy opieki \u015bwi\u0119tych patron\u00f3w i mi\u0142o\u015bci od bliskich. W dniu imienin b\u0119dziemy otacza\u0107 ich nasz\u0105 modlitw\u0105.<\/li>\n<li>Caritas Diecezji Warszawsko-Praskiej i Fundacji A.R.T. zapraszaj\u0105 na zaj\u0119cia aktywizuj\u0105ce dla senior\u00f3w w wieku 50+. W ramach projektu \u201eSeniorzy wiele warci\u201d zaplanowana jest gimnastyka z elementami rehabilitacji, nordic-walking, zaj\u0119cia komputerowe, porady specjalist\u00f3w, warsztaty teatralne, warsztaty kulinarne, wyj\u015bcia do teatr\u00f3w i muze\u00f3w, wycieczki, bal, k\u00f3\u0142ko szachowo-bryd\u017cowe i wiele innych. Wszystkie dzia\u0142ania s\u0105 bezp\u0142atne i odbywaj\u0105 si\u0119 codziennie w dw\u00f3ch miejscach: w Klubie Alternatywnym Caritas Diecezji Warszawsko-Praskiej na przy <a href=\"https:\/\/maps.google.com\/?q=ul.+11+Listopada+17\/19&amp;entry=gmail&amp;source=g\">ul. 11 Listopada 17\/19<\/a> (teren by\u0142ej jednostki wojskowej) i w Rodzinnej Klubokawiarni Praskiej przy ul. Sawinkowa 8 (dawna ul. D\u0105browszczak\u00f3w). Zapraszamy do kontaktu bezpo\u015brednio w plac\u00f3wkach lub przez stron\u0119 na facebooku \u2013\u00a0<a href=\"https:\/\/www.facebook.com\/seniorzywielewarci\/?ref=bookmarks\">Seniorzy wiele warci<\/a>.<\/li>\n<li>Zach\u0119camy do lektury tygodnika Idziemy oraz gazetki parafialnej \u201eWe\u017a Ewangeli\u0119 do Domu\u201d.<\/li>\n<\/ol>\n","protected":false},"excerpt":{"rendered":"<p>Dzi\u015b w 4 niedziel\u0119 wielkanocn\u0105 zwan\u0105 Niedziel\u0105 Dobrego Pasterza modlimy si\u0119 o dobre i liczne powo\u0142ania kap\u0142a\u0144skie i zakonne. Dzi\u0119kujemy za z\u0142o\u017cone na tac\u0119 ofiary przeznaczone na seminarium. W ca\u0142ym naszym dekanacie go\u015bcimy kleryk\u00f3w z Wy\u017cszego Seminarium Duchownego. Dzi\u0119kujemy im za \u015bwiadectwo wiary i mamy nadziej\u0119, \u017ce wkr\u00f3tce znajd\u0105 na\u015bladowc\u00f3w, kt\u00f3rzy powi\u0119ksz\u0105 grono kap\u0142an\u00f3w pochodz\u0105cych [&hellip;]<\/p>\n","protected":false},"author":1,"featured_media":0,"comment_status":"closed","ping_status":"open","sticky":false,"template":"","format":"standard","meta":{"ngg_post_thumbnail":0,"footnotes":""},"categories":[3],"tags":[],"class_list":["post-1560","post","type-post","status-publish","format-standard","hentry","category-ogloszenia-duszpasterskie"],"_links":{"self":[{"href":"https:\/\/mbloretanska.pl\/index.php?rest_route=\/wp\/v2\/posts\/1560","targetHints":{"allow":["GET"]}}],"collection":[{"href":"https:\/\/mbloretanska.pl\/index.php?rest_route=\/wp\/v2\/posts"}],"about":[{"href":"https:\/\/mbloretanska.pl\/index.php?rest_route=\/wp\/v2\/types\/post"}],"author":[{"embeddable":true,"href":"https:\/\/mbloretanska.pl\/index.php?rest_route=\/wp\/v2\/users\/1"}],"replies":[{"embeddable":true,"href":"https:\/\/mbloretanska.pl\/index.php?rest_route=%2Fwp%2Fv2%2Fcomments&post=1560"}],"version-history":[{"count":2,"href":"https:\/\/mbloretanska.pl\/index.php?rest_route=\/wp\/v2\/posts\/1560\/revisions"}],"predecessor-version":[{"id":1562,"href":"https:\/\/mbloretanska.pl\/index.php?rest_route=\/wp\/v2\/posts\/1560\/revisions\/1562"}],"wp:attachment":[{"href":"https:\/\/mbloretanska.pl\/index.php?rest_route=%2Fwp%2Fv2%2Fmedia&parent=1560"}],"wp:term":[{"taxonomy":"category","embeddable":true,"href":"https:\/\/mbloretanska.pl\/index.php?rest_route=%2Fwp%2Fv2%2Fcategories&post=1560"},{"taxonomy":"post_tag","embeddable":true,"href":"https:\/\/mbloretanska.pl\/index.php?rest_route=%2Fwp%2Fv2%2Ftags&post=1560"}],"curies":[{"name":"wp","href":"https:\/\/api.w.org\/{rel}","templated":true}]}}