{"id":1553,"date":"2018-04-21T21:46:50","date_gmt":"2018-04-21T19:46:50","guid":{"rendered":"http:\/\/mbloretanska.pl\/?p=1553"},"modified":"2018-04-21T21:47:41","modified_gmt":"2018-04-21T19:47:41","slug":"intencje-mszalne-22-28-04-18","status":"publish","type":"post","link":"https:\/\/mbloretanska.pl\/?p=1553","title":{"rendered":"intencje mszalne 22-28.04.18"},"content":{"rendered":"<p>&nbsp;<\/p>\n<table>\n<tbody>\n<tr>\n<td colspan=\"3\" width=\"774\">\n<p style=\"text-align: center;\"><strong>Niedziela,\u00a022 kwietnia 2018<\/strong><\/p>\n<\/td>\n<\/tr>\n<tr>\n<td colspan=\"3\" width=\"774\"><\/td>\n<\/tr>\n<tr>\n<td colspan=\"2\" width=\"113\">\n<p style=\"text-align: center;\">7.00<\/p>\n<\/td>\n<td width=\"661\">+ Mari\u0119, Micha\u0142a Pi\u0105tk\u00f3w zm. z CR<\/td>\n<\/tr>\n<tr>\n<td colspan=\"2\" width=\"113\">\n<p style=\"text-align: center;\">8.30<\/p>\n<\/td>\n<td width=\"661\">+ Micha\u0142a Praso\u0142ka<\/td>\n<\/tr>\n<tr>\n<td colspan=\"2\" width=\"113\">\n<p style=\"text-align: center;\">10.00<\/p>\n<\/td>\n<td width=\"661\">+ Jana Cha\u0142abisa, Iren\u0119, Jana, Ryszarda Dobrza\u0144skich, Danut\u0119, Jana Kaczork\u00f3w<\/td>\n<\/tr>\n<tr>\n<td colspan=\"2\" width=\"113\">\n<p style=\"text-align: center;\">11.00<\/p>\n<\/td>\n<td width=\"661\">&#8211; Dzi\u0119kczynna w rocznic\u0119 urodzin Dominiki z pro\u015bb\u0105 o Bo\u017ce b\u0142og., potrzebne \u0142aski i dary Ducha Sw.<\/p>\n<p>&#8211; Dzi\u0119kczynna w 34 r. \u015blubu Iwony i Zbigniewa o opiek\u0119 MB Loreta\u0144skiej i Bo\u017ce b\u0142og. dla jubilat\u00f3w, dzieci i wnuk\u00f3w<\/td>\n<\/tr>\n<tr>\n<td colspan=\"2\" width=\"113\">\n<p style=\"text-align: center;\">12.30<\/p>\n<\/td>\n<td width=\"661\">+ Jerzego Prokopowicza (22 Gr)<\/td>\n<\/tr>\n<tr>\n<td colspan=\"2\" width=\"113\">\n<p style=\"text-align: center;\">18.00<\/p>\n<\/td>\n<td width=\"661\">+ Marka Ch\u0105dzy\u0144skiego, Bronis\u0142aw\u0119 i J\u00f3zefa Ch\u0105dzy\u0144skich, Katarzyn\u0119, Ludwika Maruszak\u00f3w<\/td>\n<\/tr>\n<tr>\n<td colspan=\"3\" width=\"774\">\n<p style=\"text-align: center;\"><strong>Poniedzia\u0142ek,\u00a023 kwietnia 2018<\/strong><\/p>\n<\/td>\n<\/tr>\n<tr>\n<td colspan=\"3\" width=\"774\"><\/td>\n<\/tr>\n<tr>\n<td width=\"110\">\n<p style=\"text-align: center;\">7.00<\/p>\n<\/td>\n<td colspan=\"2\" width=\"664\">+ Jerzego Prokopowicza (23 Gr)<\/td>\n<\/tr>\n<tr>\n<td width=\"110\">\n<p style=\"text-align: center;\">8.00<\/p>\n<\/td>\n<td colspan=\"2\" width=\"664\">+\u00a0 Mari\u0119, Jerzego, Mari\u0119 \u017bydok oraz ich rodzic\u00f3w i dziadk\u00f3w<\/td>\n<\/tr>\n<tr>\n<td width=\"110\">\n<p style=\"text-align: center;\">18.00<\/p>\n<\/td>\n<td colspan=\"2\" width=\"664\">&#8211; w intencji ks. Jaros\u0142awa<\/td>\n<\/tr>\n<tr>\n<td style=\"text-align: center;\" colspan=\"3\" width=\"774\"><strong>Wtorek,\u00a024 kwietnia 2018<\/strong><\/td>\n<\/tr>\n<tr>\n<td colspan=\"3\" width=\"774\"><\/td>\n<\/tr>\n<tr>\n<td width=\"110\">\n<p style=\"text-align: center;\">7.00<\/p>\n<\/td>\n<td colspan=\"2\" width=\"664\">+ Zofi\u0119 Kusi\u0144sk\u0105 w 20 r. \u015bm.<\/td>\n<\/tr>\n<tr>\n<td width=\"110\">\n<p style=\"text-align: center;\">8.00<\/p>\n<\/td>\n<td colspan=\"2\" width=\"664\">+ Jerzego Prokopowicza (24 Gr)<\/td>\n<\/tr>\n<tr>\n<td width=\"110\">\n<p style=\"text-align: center;\">18.00<\/p>\n<\/td>\n<td colspan=\"2\" width=\"664\">+ Mariann\u0119 i Antoniego Wal\u0119dziak\u00f3w<\/td>\n<\/tr>\n<tr>\n<td colspan=\"3\" width=\"774\">\n<p style=\"text-align: center;\"><strong>\u015aroda,\u00a025 kwietnia 2018\u00a0<\/strong><\/p>\n<\/td>\n<\/tr>\n<tr>\n<td colspan=\"3\" width=\"774\"><\/td>\n<\/tr>\n<tr>\n<td width=\"110\">\n<p style=\"text-align: center;\">7.00<\/p>\n<\/td>\n<td colspan=\"2\" width=\"664\">+ Edwarda, Magdalen\u0119 Strza\u0142kowskich<\/td>\n<\/tr>\n<tr>\n<td width=\"110\">\n<p style=\"text-align: center;\">\u00a08.00<\/p>\n<\/td>\n<td colspan=\"2\" width=\"664\">+ Jerzego Prokopowicza (25 Gr) oraz Adolfa Bawor<\/p>\n<p>w 14 r. \u015bm.<\/td>\n<\/tr>\n<tr>\n<td width=\"110\">\n<p style=\"text-align: center;\">\u00a017.45<\/p>\n<\/td>\n<td colspan=\"2\" width=\"664\">NOWENNA DO MATKI BO\u017bEJ NIEUSTAJ\u0104CEJ POMOCY<\/td>\n<\/tr>\n<tr>\n<td colspan=\"3\" width=\"774\">\n<p style=\"text-align: center;\"><strong>Czwartek,\u00a026 kwietnia\u00a0 2018<\/strong><\/p>\n<\/td>\n<\/tr>\n<tr>\n<td colspan=\"3\" width=\"774\"><\/td>\n<\/tr>\n<tr>\n<td width=\"110\">\n<p style=\"text-align: center;\">7.00<\/p>\n<\/td>\n<td colspan=\"2\" width=\"664\">&#8211;\u00a0 o \u0142ask\u0119 nawr\u00f3cenia, Bo\u017c\u0105 opiek\u0119 i b\u0142ogos\u0142awie\u0144stwo dla Roberta i CR<\/td>\n<\/tr>\n<tr>\n<td width=\"110\">\n<p style=\"text-align: center;\">8.00<\/p>\n<\/td>\n<td colspan=\"2\" width=\"664\">+ Jerzego Prokopowicza (26 Gr)<\/td>\n<\/tr>\n<tr>\n<td width=\"110\">\n<p style=\"text-align: center;\">18.00<\/p>\n<\/td>\n<td colspan=\"2\" width=\"664\">+ Romana, Danut\u0119 \u015apiewakowskich Cr Rukat<\/td>\n<\/tr>\n<tr>\n<td colspan=\"3\" width=\"774\">\n<p style=\"text-align: center;\"><strong>Pi\u0105tek, 27 kwietnia 2018<\/strong><\/p>\n<\/td>\n<\/tr>\n<tr>\n<td colspan=\"3\" width=\"774\"><\/td>\n<\/tr>\n<tr>\n<td width=\"110\">\n<p style=\"text-align: center;\">7.00<\/p>\n<\/td>\n<td colspan=\"2\" width=\"664\">+ Henryka Brzozowskiego w 10 r. \u015bm.<\/td>\n<\/tr>\n<tr>\n<td width=\"110\">\n<p style=\"text-align: center;\">8.00<\/p>\n<\/td>\n<td colspan=\"2\" width=\"664\">+ J\u00f3zef\u0119 Maksimczyk w 1 r. \u015bm.<\/td>\n<\/tr>\n<tr>\n<td width=\"110\">\n<p style=\"text-align: center;\">18.00<\/p>\n<\/td>\n<td colspan=\"2\" width=\"664\">+ Jerzego Prokopowicza (27 Gr)<\/td>\n<\/tr>\n<tr>\n<td colspan=\"3\" width=\"774\">\n<p style=\"text-align: center;\"><strong>Sobota,\u00a028 kwietnia\u00a0 2018<\/strong><\/p>\n<\/td>\n<\/tr>\n<tr>\n<td colspan=\"3\" width=\"774\"><\/td>\n<\/tr>\n<tr>\n<td width=\"110\">\n<p style=\"text-align: center;\">7.00<\/p>\n<\/td>\n<td colspan=\"2\" width=\"664\">+\u00a0Helen\u0119 Panceleusz w 20 r. \u015bm., rodzic\u00f3w W\u0142adys\u0142awa, Helen\u0119 Panceleusz oraz Cr Osiak\u00f3w<\/td>\n<\/tr>\n<tr>\n<td width=\"110\">\n<p style=\"text-align: center;\">8.00<\/p>\n<\/td>\n<td colspan=\"2\" width=\"664\">+ Jerzego Prokopowicza (14 Gr)<\/td>\n<\/tr>\n<tr>\n<td width=\"110\">\n<p style=\"text-align: center;\">18.00<\/p>\n<\/td>\n<td colspan=\"2\" width=\"664\">+\u00a0Zdzis\u0142awa, Wincentego, Helen\u0119, Halin\u0119, Janin\u0119, Stanis\u0142awa, Helen\u0119, Kazimier\u0119, Bo\u017cen\u0119.<\/td>\n<\/tr>\n<tr>\n<td width=\"109\"><\/td>\n<td width=\"3\"><\/td>\n<td width=\"635\"><\/td>\n<\/tr>\n<\/tbody>\n<\/table>\n<p>&nbsp;<\/p>\n","protected":false},"excerpt":{"rendered":"<p>&nbsp; Niedziela,\u00a022 kwietnia 2018 7.00 + Mari\u0119, Micha\u0142a Pi\u0105tk\u00f3w zm. z CR 8.30 + Micha\u0142a Praso\u0142ka 10.00 + Jana Cha\u0142abisa, Iren\u0119, Jana, Ryszarda Dobrza\u0144skich, Danut\u0119, Jana Kaczork\u00f3w 11.00 &#8211; Dzi\u0119kczynna w rocznic\u0119 urodzin Dominiki z pro\u015bb\u0105 o Bo\u017ce b\u0142og., potrzebne \u0142aski i dary Ducha Sw. &#8211; Dzi\u0119kczynna w 34 r. \u015blubu Iwony i Zbigniewa o [&hellip;]<\/p>\n","protected":false},"author":1,"featured_media":0,"comment_status":"closed","ping_status":"open","sticky":false,"template":"","format":"standard","meta":{"ngg_post_thumbnail":0,"footnotes":""},"categories":[6],"tags":[],"class_list":["post-1553","post","type-post","status-publish","format-standard","hentry","category-intencje-mszalne"],"_links":{"self":[{"href":"https:\/\/mbloretanska.pl\/index.php?rest_route=\/wp\/v2\/posts\/1553","targetHints":{"allow":["GET"]}}],"collection":[{"href":"https:\/\/mbloretanska.pl\/index.php?rest_route=\/wp\/v2\/posts"}],"about":[{"href":"https:\/\/mbloretanska.pl\/index.php?rest_route=\/wp\/v2\/types\/post"}],"author":[{"embeddable":true,"href":"https:\/\/mbloretanska.pl\/index.php?rest_route=\/wp\/v2\/users\/1"}],"replies":[{"embeddable":true,"href":"https:\/\/mbloretanska.pl\/index.php?rest_route=%2Fwp%2Fv2%2Fcomments&post=1553"}],"version-history":[{"count":3,"href":"https:\/\/mbloretanska.pl\/index.php?rest_route=\/wp\/v2\/posts\/1553\/revisions"}],"predecessor-version":[{"id":1555,"href":"https:\/\/mbloretanska.pl\/index.php?rest_route=\/wp\/v2\/posts\/1553\/revisions\/1555"}],"wp:attachment":[{"href":"https:\/\/mbloretanska.pl\/index.php?rest_route=%2Fwp%2Fv2%2Fmedia&parent=1553"}],"wp:term":[{"taxonomy":"category","embeddable":true,"href":"https:\/\/mbloretanska.pl\/index.php?rest_route=%2Fwp%2Fv2%2Fcategories&post=1553"},{"taxonomy":"post_tag","embeddable":true,"href":"https:\/\/mbloretanska.pl\/index.php?rest_route=%2Fwp%2Fv2%2Ftags&post=1553"}],"curies":[{"name":"wp","href":"https:\/\/api.w.org\/{rel}","templated":true}]}}