{"id":1373,"date":"2018-04-14T21:50:07","date_gmt":"2018-04-14T19:50:07","guid":{"rendered":"http:\/\/mbloretanska.pl\/?p=1373"},"modified":"2018-04-14T21:51:49","modified_gmt":"2018-04-14T19:51:49","slug":"iii-niedziela-wielkanocna-15-04-18","status":"publish","type":"post","link":"https:\/\/mbloretanska.pl\/?p=1373","title":{"rendered":"III niedziela wielkanocna, 15.04.18"},"content":{"rendered":"<p><span style=\"color: #000000;\">1. Dzi\u015b po raz 13 ulicami Warszawy przejdzie Marsz \u015awi\u0119to\u015bci \u017bycia organizowany przez Diecezj\u0119 Warszawsko-Prask\u0105 i\u00a0Archidiecezj\u0119 Warszawsk\u0105. Zapraszamy wszystkich do licznego udzia\u0142u, szczeg\u00f3lne zaproszenie kierujemy do rodzin z\u00a0dzie\u0107mi. Wydarzenie to jest przypomnieniem o\u00a0potrzebie troski o\u00a0\u017cycie cz\u0142owieka od pocz\u0119cia do naturalnej \u015bmierci. Has\u0142em tegorocznego Marszu s\u0105 s\u0142owa\u00a0<b>\u201eJestem za \u017cyciem! #adOPCJA\u201d<\/b>. Pocz\u0105tek w naszej katedrze o godz. 11.00. Szczeg\u00f3\u0142y na plakacie i ulotkach.<\/span><\/p>\n<p><span style=\"color: #000000;\">2. Dzisiaj po mszy wieczornej o godz. 18.00 zapraszamy na wielkanocne Uwielbienie Jezusa prowadzone przez nasz\u0105 schol\u0119. Zapraszamy r\u00f3wnie\u017c\u00a0do scholi nowe osoby uzdolnione muzycznie.<\/span><\/p>\n<p><span style=\"color: #000000;\">3. W \u015brod\u0119 nowenna do MB Nieustaj\u0105cej Pomocy o godz. 17.45, w czwartek adoracja Naj\u015bwi\u0119tszego Sakramentu od 8.30 do 12.00, w pi\u0105tek koronka do Mi\u0142osierdzia Bo\u017cego o godz. 17.00. Zapraszamy do wsp\u00f3lnej modlitwy.<\/span><\/p>\n<p><span style=\"color: #000000;\">4. Zapraszamy tak\u017ce na spotkania oazy m\u0142odzie\u017cowej w niedziele o 19.00.<\/span><\/p>\n<p><span style=\"color: #000000;\">5. Po kilku latach pracy zako\u0144czy\u0142o swoj\u0105 dzia\u0142alno\u015b\u0107 w naszej parafii Ko\u0142o Przyjaci\u00f3\u0142 Radia Maryja. Serdecznie dzi\u0119kujemy pani Urszuli Sobo\u0144 za prowadzenie Ko\u0142a, wszystkim cz\u0142onkom za modlitw\u0119 oraz duchowy i materialny wk\u0142ad w \u017cycie naszej parafii. Dzie\u0142a prowadzone przez Radio Maryja polecamy trosce wiernych.<\/span><\/p>\n<p><span style=\"color: #000000;\">6. Za tydzie\u0144 w 4 niedziel\u0119 wielkanocn\u0105 w ramach tzw. niedzieli seminaryjnej b\u0119dziemy go\u015bci\u0107 kleryk\u00f3w z naszego Wy\u017cszego Seminarium Duchownego w Warszawie. B\u0119dziemy mogli bli\u017cej pozna\u0107 \u017cycie seminaryjne i przysz\u0142ych ksi\u0119\u017cy dla naszej diecezji.<\/span><\/p>\n<p><span style=\"color: #000000;\">7. Zach\u0119camy do lektury tygodnika Idziemy oraz gazetki parafialnej \u201eWe\u017a Ewangeli\u0119 do Domu\u201d.<\/span><\/p>\n","protected":false},"excerpt":{"rendered":"<p>1. Dzi\u015b po raz 13 ulicami Warszawy przejdzie Marsz \u015awi\u0119to\u015bci \u017bycia organizowany przez Diecezj\u0119 Warszawsko-Prask\u0105 i\u00a0Archidiecezj\u0119 Warszawsk\u0105. Zapraszamy wszystkich do licznego udzia\u0142u, szczeg\u00f3lne zaproszenie kierujemy do rodzin z\u00a0dzie\u0107mi. Wydarzenie to jest przypomnieniem o\u00a0potrzebie troski o\u00a0\u017cycie cz\u0142owieka od pocz\u0119cia do naturalnej \u015bmierci. Has\u0142em tegorocznego Marszu s\u0105 s\u0142owa\u00a0\u201eJestem za \u017cyciem! #adOPCJA\u201d. Pocz\u0105tek w naszej katedrze o godz. [&hellip;]<\/p>\n","protected":false},"author":1,"featured_media":0,"comment_status":"closed","ping_status":"open","sticky":false,"template":"","format":"standard","meta":{"ngg_post_thumbnail":0,"footnotes":""},"categories":[3],"tags":[],"class_list":["post-1373","post","type-post","status-publish","format-standard","hentry","category-ogloszenia-duszpasterskie"],"_links":{"self":[{"href":"https:\/\/mbloretanska.pl\/index.php?rest_route=\/wp\/v2\/posts\/1373","targetHints":{"allow":["GET"]}}],"collection":[{"href":"https:\/\/mbloretanska.pl\/index.php?rest_route=\/wp\/v2\/posts"}],"about":[{"href":"https:\/\/mbloretanska.pl\/index.php?rest_route=\/wp\/v2\/types\/post"}],"author":[{"embeddable":true,"href":"https:\/\/mbloretanska.pl\/index.php?rest_route=\/wp\/v2\/users\/1"}],"replies":[{"embeddable":true,"href":"https:\/\/mbloretanska.pl\/index.php?rest_route=%2Fwp%2Fv2%2Fcomments&post=1373"}],"version-history":[{"count":4,"href":"https:\/\/mbloretanska.pl\/index.php?rest_route=\/wp\/v2\/posts\/1373\/revisions"}],"predecessor-version":[{"id":1375,"href":"https:\/\/mbloretanska.pl\/index.php?rest_route=\/wp\/v2\/posts\/1373\/revisions\/1375"}],"wp:attachment":[{"href":"https:\/\/mbloretanska.pl\/index.php?rest_route=%2Fwp%2Fv2%2Fmedia&parent=1373"}],"wp:term":[{"taxonomy":"category","embeddable":true,"href":"https:\/\/mbloretanska.pl\/index.php?rest_route=%2Fwp%2Fv2%2Fcategories&post=1373"},{"taxonomy":"post_tag","embeddable":true,"href":"https:\/\/mbloretanska.pl\/index.php?rest_route=%2Fwp%2Fv2%2Ftags&post=1373"}],"curies":[{"name":"wp","href":"https:\/\/api.w.org\/{rel}","templated":true}]}}