{"id":1327,"date":"2018-03-30T22:38:50","date_gmt":"2018-03-30T20:38:50","guid":{"rendered":"http:\/\/mbloretanska.pl\/?p=1327"},"modified":"2018-03-31T12:56:42","modified_gmt":"2018-03-31T10:56:42","slug":"zmartwychwstanie-panskie-1-2-kwiecien-2018","status":"publish","type":"post","link":"https:\/\/mbloretanska.pl\/?p=1327","title":{"rendered":"zmartwychwstanie pa\u0144skie 1 \u2013 2 kwiecie\u0144 2018"},"content":{"rendered":"<p><span style=\"color: #000000;\">1. Osiem pierwszych dni od Zmartwychwstania Pa\u0144skiego stanowi oktaw\u0119, kt\u00f3r\u0105 Ko\u015bci\u00f3\u0142 obchodzi jako jedn\u0105 Uroczysto\u015b\u0107. Z tej racji nie mo\u017cna sprawowa\u0107 mszy pierwszopi\u0105tkowej i pierwszosobotniej. \u00a0W pi\u0105tek w oktawie Wielkanocy mo\u017cna spo\u017cywa\u0107 pokarmy mi\u0119sne.<\/span><\/p>\n<p><span style=\"color: #000000;\">2. W przysz\u0142\u0105 niedziel\u0119 8 kwietnia \u015awi\u0119to Bo\u017cego Mi\u0142osierdzia. O godz. 15.00 Koronka do Bo\u017cego Mi\u0142osierdzia. Publiczne jej odm\u00f3wienie wobec Naj\u015bwi\u0119tszego Sakramentu umo\u017cliwia zyskanie \u0142aski odpustu zupe\u0142nego. Intencje do Koronki zg\u0142aszamy w zakrystii i kancelarii.<\/span><\/p>\n<p><span style=\"color: #000000;\">3. Za tydzie\u0144 w naszej diecezji taca przeznaczona b\u0119dzie na dzie\u0142a charytatywne Caritas.<\/span><\/p>\n<p><span style=\"color: #000000;\">4. Za tydzie\u0144 te\u017c po Mszy wieczornej o godz. 18.00 spotkanie kandydat\u00f3w do bierzmowania.<\/span><\/p>\n<p><span style=\"color: #000000;\">5. Spotkanie rodzic\u00f3w dzieci kl. III z racji przygotowania do I komunii \u015bw. w poniedzia\u0142ek 9 kwietnia o godz. 18.30. Obecno\u015b\u0107 obowi\u0105zkowa.<\/span><\/p>\n<p><span style=\"color: #000000;\">6. Dzi\u0119kujemy za wszystkie ofiary z\u0142o\u017cone na kwiaty do grobu Pana Jezusa, oraz ja\u0142mu\u017cn\u0119 wielkopostn\u0105.<\/span><\/p>\n<p><span style=\"color: #000000;\">7. Na stoliku prasowym nowy numer Tak rodzinie, tygodnika Idziemy oraz gazetki parafialnej \u201eWe\u017a Ewangeli\u0119 do Domu\u201d.<\/span><\/p>\n<hr \/>\n<p><span style=\"color: #000000;\">Zapraszamy do ods\u0142uchania nagra\u0144 z kaza\u0144 rekolekcyjnych 2018,\u00a0prowadzonych przez ks. Krzysztofa Zi\u00f3\u0142kowskiego, budowniczego diecezjalnego sanktuarium \u015bw. Jana Paw\u0142a II w Radzyminie. <a style=\"color: #000000;\" href=\"https:\/\/mbloretanska.pl\/?page_id=1238\">Link:<\/a><\/span><\/p>\n<p><a href=\"https:\/\/mbloretanska.pl\/?page_id=1238\"><img loading=\"lazy\" decoding=\"async\" class=\"aligncenter wp-image-1343 size-thumbnail\" src=\"https:\/\/mbloretanska.pl\/wp-content\/uploads\/2018\/03\/play-symbol-80x80.png\" alt=\"\" width=\"80\" height=\"80\" srcset=\"https:\/\/mbloretanska.pl\/wp-content\/uploads\/2018\/03\/play-symbol-80x80.png 80w, https:\/\/mbloretanska.pl\/wp-content\/uploads\/2018\/03\/play-symbol-300x300.png 300w, https:\/\/mbloretanska.pl\/wp-content\/uploads\/2018\/03\/play-symbol-768x768.png 768w, https:\/\/mbloretanska.pl\/wp-content\/uploads\/2018\/03\/play-symbol-1030x1030.png 1030w, https:\/\/mbloretanska.pl\/wp-content\/uploads\/2018\/03\/play-symbol-36x36.png 36w, https:\/\/mbloretanska.pl\/wp-content\/uploads\/2018\/03\/play-symbol-180x180.png 180w, https:\/\/mbloretanska.pl\/wp-content\/uploads\/2018\/03\/play-symbol-1500x1500.png 1500w, https:\/\/mbloretanska.pl\/wp-content\/uploads\/2018\/03\/play-symbol-705x705.png 705w, https:\/\/mbloretanska.pl\/wp-content\/uploads\/2018\/03\/play-symbol-120x120.png 120w, https:\/\/mbloretanska.pl\/wp-content\/uploads\/2018\/03\/play-symbol-450x450.png 450w, https:\/\/mbloretanska.pl\/wp-content\/uploads\/2018\/03\/play-symbol.png 1600w\" sizes=\"auto, (max-width: 80px) 100vw, 80px\" \/><\/a><\/p>\n","protected":false},"excerpt":{"rendered":"<p>1. Osiem pierwszych dni od Zmartwychwstania Pa\u0144skiego stanowi oktaw\u0119, kt\u00f3r\u0105 Ko\u015bci\u00f3\u0142 obchodzi jako jedn\u0105 Uroczysto\u015b\u0107. Z tej racji nie mo\u017cna sprawowa\u0107 mszy pierwszopi\u0105tkowej i pierwszosobotniej. \u00a0W pi\u0105tek w oktawie Wielkanocy mo\u017cna spo\u017cywa\u0107 pokarmy mi\u0119sne. 2. W przysz\u0142\u0105 niedziel\u0119 8 kwietnia \u015awi\u0119to Bo\u017cego Mi\u0142osierdzia. O godz. 15.00 Koronka do Bo\u017cego Mi\u0142osierdzia. Publiczne jej odm\u00f3wienie wobec Naj\u015bwi\u0119tszego [&hellip;]<\/p>\n","protected":false},"author":1,"featured_media":0,"comment_status":"closed","ping_status":"open","sticky":false,"template":"","format":"standard","meta":{"ngg_post_thumbnail":0,"footnotes":""},"categories":[3],"tags":[],"class_list":["post-1327","post","type-post","status-publish","format-standard","hentry","category-ogloszenia-duszpasterskie"],"_links":{"self":[{"href":"https:\/\/mbloretanska.pl\/index.php?rest_route=\/wp\/v2\/posts\/1327","targetHints":{"allow":["GET"]}}],"collection":[{"href":"https:\/\/mbloretanska.pl\/index.php?rest_route=\/wp\/v2\/posts"}],"about":[{"href":"https:\/\/mbloretanska.pl\/index.php?rest_route=\/wp\/v2\/types\/post"}],"author":[{"embeddable":true,"href":"https:\/\/mbloretanska.pl\/index.php?rest_route=\/wp\/v2\/users\/1"}],"replies":[{"embeddable":true,"href":"https:\/\/mbloretanska.pl\/index.php?rest_route=%2Fwp%2Fv2%2Fcomments&post=1327"}],"version-history":[{"count":6,"href":"https:\/\/mbloretanska.pl\/index.php?rest_route=\/wp\/v2\/posts\/1327\/revisions"}],"predecessor-version":[{"id":1349,"href":"https:\/\/mbloretanska.pl\/index.php?rest_route=\/wp\/v2\/posts\/1327\/revisions\/1349"}],"wp:attachment":[{"href":"https:\/\/mbloretanska.pl\/index.php?rest_route=%2Fwp%2Fv2%2Fmedia&parent=1327"}],"wp:term":[{"taxonomy":"category","embeddable":true,"href":"https:\/\/mbloretanska.pl\/index.php?rest_route=%2Fwp%2Fv2%2Fcategories&post=1327"},{"taxonomy":"post_tag","embeddable":true,"href":"https:\/\/mbloretanska.pl\/index.php?rest_route=%2Fwp%2Fv2%2Ftags&post=1327"}],"curies":[{"name":"wp","href":"https:\/\/api.w.org\/{rel}","templated":true}]}}