{"id":1325,"date":"2018-03-30T22:24:36","date_gmt":"2018-03-30T20:24:36","guid":{"rendered":"http:\/\/mbloretanska.pl\/?p=1325"},"modified":"2018-03-30T22:24:36","modified_gmt":"2018-03-30T20:24:36","slug":"intencje-mszalne-01-07-04-18","status":"publish","type":"post","link":"https:\/\/mbloretanska.pl\/?p=1325","title":{"rendered":"intencje mszalne 01-07.04.18"},"content":{"rendered":"<table width=\"734\">\n<tbody>\n<tr>\n<td colspan=\"3\" width=\"734\">\n<p style=\"text-align: center;\"><strong>Niedziela Zmartwychwstania, 1 kwietnia 2018<\/strong><\/p>\n<\/td>\n<\/tr>\n<tr>\n<td colspan=\"3\" width=\"734\">&nbsp;<\/td>\n<\/tr>\n<tr>\n<td colspan=\"2\" width=\"120\">\n<p style=\"text-align: center;\">6.00<\/p>\n<\/td>\n<td width=\"614\">W intencji Parafian<\/td>\n<\/tr>\n<tr>\n<td colspan=\"2\" width=\"120\">\n<p style=\"text-align: center;\">8.30<\/p>\n<\/td>\n<td width=\"614\">+ Karola Stanaszka<\/td>\n<\/tr>\n<tr>\n<td colspan=\"2\" width=\"120\">\n<p style=\"text-align: center;\">10.00<\/p>\n<\/td>\n<td width=\"614\">+ Jerzego Prokopowicza (1 GR)<\/td>\n<\/tr>\n<tr>\n<td colspan=\"2\" width=\"120\">\n<p style=\"text-align: center;\">11.00<\/p>\n<\/td>\n<td width=\"614\">+Mariana Kostrzew\u0119 w 32 r. \u015bm., Aleksandr\u0119, J\u00f3zefa Kostrzewa<\/td>\n<\/tr>\n<tr>\n<td colspan=\"2\" width=\"120\">\n<p style=\"text-align: center;\">12.30<\/p>\n<\/td>\n<td width=\"614\">+ Iren\u0119, Mariana, Aleksandra, Franciszka Szcze\u015bnik, Stefani\u0119, Jana Oniszk, Lucyn\u0119 S\u0142omczy\u0144sk<\/p>\n<p>+ Bogd\u0119 Krawczyk<\/p>\n<p>+ Eugeniusza Szyma\u0144skiego w 20 r. \u015bm. Adel\u0119 Szyma\u0144sk\u0105<\/td>\n<\/tr>\n<tr>\n<td colspan=\"2\" width=\"120\">\n<p style=\"text-align: center;\">18.00<\/p>\n<\/td>\n<td width=\"614\">+ Magdalen\u0119 Nowack\u0105 w 9 r. \u015bm. S\u0142awomira Nowackiego<\/td>\n<\/tr>\n<tr>\n<td colspan=\"3\" width=\"734\">\n<p style=\"text-align: center;\"><strong>Poniedzia\u0142ek Wielkanocny, 2 kwietnia \u00a02018<\/strong><\/p>\n<\/td>\n<\/tr>\n<tr>\n<td colspan=\"3\" width=\"734\">&nbsp;<\/td>\n<\/tr>\n<tr>\n<td width=\"117\">\n<p style=\"text-align: center;\">7.00<\/p>\n<\/td>\n<td colspan=\"2\" width=\"617\">+ Zofi\u0119, Maksymiliana Pawlik, Cr Pawlik\u00f3w, Zgadzajskich<\/td>\n<\/tr>\n<tr>\n<td width=\"117\">\n<p style=\"text-align: center;\">\u00a08.30<\/p>\n<\/td>\n<td colspan=\"2\" width=\"617\">+ Stanis\u0142awa, Zofi\u0119, Wiktora, Krzysztofa \u015awieczka,<\/p>\n<p>CR \u015awieczk\u00f3w<\/td>\n<\/tr>\n<tr>\n<td width=\"117\">\n<p style=\"text-align: center;\">10.00<\/p>\n<\/td>\n<td colspan=\"2\" width=\"617\">+ Eleonor\u0119, Stefana, Krzysztofa, Teres\u0119, Mari\u0119 CR Zieli\u0144skich<\/td>\n<\/tr>\n<tr>\n<td width=\"117\">\n<p style=\"text-align: center;\">11.00<\/p>\n<\/td>\n<td colspan=\"2\" width=\"617\">+ Ryszarda Czarneckiego, jego wnuka Sebastiana, \u017con\u0119 Wies\u0142aw\u0119, rodzic\u00f3w Stanis\u0142awa i Gabriel\u0119<\/td>\n<\/tr>\n<tr>\n<td width=\"117\">\n<p style=\"text-align: center;\">12.30<\/p>\n<\/td>\n<td colspan=\"2\" width=\"617\">+ Jerzego Prokopowicza (2 Gr)<\/td>\n<\/tr>\n<tr>\n<td width=\"117\">\n<p style=\"text-align: center;\">\u00a018.00<\/p>\n<\/td>\n<td colspan=\"2\" width=\"617\">+ Mari\u0119 Kot w 2 r. \u015bm.Piotra Kot<\/td>\n<\/tr>\n<tr>\n<td colspan=\"3\" width=\"734\">\n<p style=\"text-align: center;\"><strong>Wtorek,\u00a03 kwietnia \u00a02018<\/strong><\/p>\n<\/td>\n<\/tr>\n<tr>\n<td colspan=\"3\" width=\"734\">&nbsp;<\/td>\n<\/tr>\n<tr>\n<td width=\"117\">\n<p style=\"text-align: center;\">\u00a07.00<\/p>\n<\/td>\n<td colspan=\"2\" width=\"617\">+ Mariann\u0119, Ann\u0119, Stanis\u0142awa, Ryszarda Graczyk, Ann\u0119, Franciszka Jezierskich, Sylwestra, Grzegorza, Alojzego, Zdzis\u0142aw\u0119 Machci\u0144skich<\/td>\n<\/tr>\n<tr>\n<td width=\"117\">\n<p style=\"text-align: center;\">8.00<\/p>\n<\/td>\n<td colspan=\"2\" width=\"617\">+ Jerzego Prokopowicza (3 Gr)<\/td>\n<\/tr>\n<tr>\n<td width=\"117\">\n<p style=\"text-align: center;\">18.00<\/p>\n<\/td>\n<td colspan=\"2\" width=\"617\">&#8211; o zdrowie, Boze b\u0142og. i potrzebne \u0142aski dla Ryszarda Suchockiego z racji imienin<\/p>\n<p>&#8211; w intencji dzi\u0119kczynnej z racji 70 r. urodzin Jadwigii z pro\u015bb\u0105 o Bo\u017ce b\u0142og. opiek\u0119 Matki Bo\u017cej Loreta\u0144skiej dla jubilatki i CR<\/td>\n<\/tr>\n<tr>\n<td colspan=\"3\" width=\"734\">\n<p style=\"text-align: center;\"><strong>\u015aroda,\u00a04 kwietnia 2018<\/strong><\/p>\n<\/td>\n<\/tr>\n<tr>\n<td colspan=\"3\" width=\"734\">&nbsp;<\/td>\n<\/tr>\n<tr>\n<td width=\"117\">\n<p style=\"text-align: center;\">7.00<\/p>\n<\/td>\n<td colspan=\"2\" width=\"617\">+ Ryszarda<\/td>\n<\/tr>\n<tr>\n<td width=\"117\">\n<p style=\"text-align: center;\">8.00<\/p>\n<\/td>\n<td colspan=\"2\" width=\"617\">+ +Jerzego Prokopowicza (4 Gr)<\/td>\n<\/tr>\n<tr>\n<td width=\"117\">\n<p style=\"text-align: center;\">\u00a017.45<\/p>\n<\/td>\n<td colspan=\"2\" width=\"617\">\u00a0NOWENNA DO MATKI BO\u017bEJ NIEUSTAJ\u0104CEJ POMOCY<\/td>\n<\/tr>\n<tr>\n<td colspan=\"3\" width=\"734\">\n<p style=\"text-align: center;\"><strong>Czwartek, 5 kwietnia 2018<\/strong><\/p>\n<\/td>\n<\/tr>\n<tr>\n<td colspan=\"3\" width=\"734\">&nbsp;<\/td>\n<\/tr>\n<tr>\n<td width=\"117\">\n<p style=\"text-align: center;\">7.00<\/p>\n<\/td>\n<td colspan=\"2\" width=\"617\">+ Bogd\u0119 Krawczyk<\/td>\n<\/tr>\n<tr>\n<td width=\"117\">\n<p style=\"text-align: center;\">8.00<\/p>\n<\/td>\n<td colspan=\"2\" width=\"617\">R.<\/td>\n<\/tr>\n<tr>\n<td width=\"117\">\n<p style=\"text-align: center;\">18.00<\/p>\n<\/td>\n<td colspan=\"2\" width=\"617\">+ Jerzego Prokopowicza (5 Gr)<\/td>\n<\/tr>\n<tr>\n<td colspan=\"3\" width=\"734\">\n<p style=\"text-align: center;\">\u00a0<strong>Pi\u0105tek, 6 kwietnia 2018<\/strong><\/p>\n<\/td>\n<\/tr>\n<tr>\n<td colspan=\"3\" width=\"734\">&nbsp;<\/td>\n<\/tr>\n<tr>\n<td width=\"117\">\n<p style=\"text-align: center;\">7.00<\/p>\n<\/td>\n<td colspan=\"2\" width=\"617\">\u00a0+ Jerzego Prokopowicza (6 Gr)<\/td>\n<\/tr>\n<tr>\n<td width=\"117\">\n<p style=\"text-align: center;\">8.00<\/p>\n<\/td>\n<td colspan=\"2\" width=\"617\">\u017bR i LM<\/td>\n<\/tr>\n<tr>\n<td width=\"117\">\n<p style=\"text-align: center;\">18.00<\/p>\n<\/td>\n<td colspan=\"2\" width=\"617\">R<\/td>\n<\/tr>\n<\/tbody>\n<\/table>\n<table width=\"734\">\n<tbody>\n<tr>\n<td colspan=\"3\" width=\"734\">\n<p style=\"text-align: center;\"><strong>Sobota, 7 kwietnia 2018<\/strong><\/p>\n<\/td>\n<\/tr>\n<tr>\n<td colspan=\"3\" width=\"734\">&nbsp;<\/td>\n<\/tr>\n<tr>\n<td width=\"117\">\n<p style=\"text-align: center;\">7.00<\/p>\n<\/td>\n<td colspan=\"2\" width=\"617\">+ J\u00f3zefa Garlewskiego w 38 r. \u015bm CR Bie\u0144kowskich, Garlewskich, Jerzego Brzezi\u0144skiego oraz dusze w czy\u015b\u0107cu cierpi\u0105ce<\/td>\n<\/tr>\n<tr>\n<td width=\"117\">\n<p style=\"text-align: center;\">8.00<\/p>\n<\/td>\n<td colspan=\"2\" width=\"617\">+ Jerzego Prokopowicza (7 Gr)<\/td>\n<\/tr>\n<tr>\n<td width=\"117\">\n<p style=\"text-align: center;\">18.00<\/p>\n<\/td>\n<td colspan=\"2\" width=\"617\">18.00Wojciecha Kani\u0119, Stanis\u0142aw Strza\u0142kowskiego<\/td>\n<\/tr>\n<\/tbody>\n<\/table>\n","protected":false},"excerpt":{"rendered":"<p>Niedziela Zmartwychwstania, 1 kwietnia 2018 &nbsp; 6.00 W intencji Parafian 8.30 + Karola Stanaszka 10.00 + Jerzego Prokopowicza (1 GR) 11.00 +Mariana Kostrzew\u0119 w 32 r. \u015bm., Aleksandr\u0119, J\u00f3zefa Kostrzewa 12.30 + Iren\u0119, Mariana, Aleksandra, Franciszka Szcze\u015bnik, Stefani\u0119, Jana Oniszk, Lucyn\u0119 S\u0142omczy\u0144sk + Bogd\u0119 Krawczyk + Eugeniusza Szyma\u0144skiego w 20 r. \u015bm. Adel\u0119 Szyma\u0144sk\u0105 18.00 [&hellip;]<\/p>\n","protected":false},"author":1,"featured_media":0,"comment_status":"closed","ping_status":"open","sticky":false,"template":"","format":"standard","meta":{"ngg_post_thumbnail":0,"footnotes":""},"categories":[6],"tags":[],"class_list":["post-1325","post","type-post","status-publish","format-standard","hentry","category-intencje-mszalne"],"_links":{"self":[{"href":"https:\/\/mbloretanska.pl\/index.php?rest_route=\/wp\/v2\/posts\/1325","targetHints":{"allow":["GET"]}}],"collection":[{"href":"https:\/\/mbloretanska.pl\/index.php?rest_route=\/wp\/v2\/posts"}],"about":[{"href":"https:\/\/mbloretanska.pl\/index.php?rest_route=\/wp\/v2\/types\/post"}],"author":[{"embeddable":true,"href":"https:\/\/mbloretanska.pl\/index.php?rest_route=\/wp\/v2\/users\/1"}],"replies":[{"embeddable":true,"href":"https:\/\/mbloretanska.pl\/index.php?rest_route=%2Fwp%2Fv2%2Fcomments&post=1325"}],"version-history":[{"count":1,"href":"https:\/\/mbloretanska.pl\/index.php?rest_route=\/wp\/v2\/posts\/1325\/revisions"}],"predecessor-version":[{"id":1326,"href":"https:\/\/mbloretanska.pl\/index.php?rest_route=\/wp\/v2\/posts\/1325\/revisions\/1326"}],"wp:attachment":[{"href":"https:\/\/mbloretanska.pl\/index.php?rest_route=%2Fwp%2Fv2%2Fmedia&parent=1325"}],"wp:term":[{"taxonomy":"category","embeddable":true,"href":"https:\/\/mbloretanska.pl\/index.php?rest_route=%2Fwp%2Fv2%2Fcategories&post=1325"},{"taxonomy":"post_tag","embeddable":true,"href":"https:\/\/mbloretanska.pl\/index.php?rest_route=%2Fwp%2Fv2%2Ftags&post=1325"}],"curies":[{"name":"wp","href":"https:\/\/api.w.org\/{rel}","templated":true}]}}