{"id":1302,"date":"2018-03-24T14:36:12","date_gmt":"2018-03-24T13:36:12","guid":{"rendered":"http:\/\/mbloretanska.pl\/?p=1302"},"modified":"2018-03-24T19:39:09","modified_gmt":"2018-03-24T18:39:09","slug":"niedziela-palmowa-meki-panskiej-25-03-2018","status":"publish","type":"post","link":"https:\/\/mbloretanska.pl\/?p=1302","title":{"rendered":"Niedziela palmowa m\u0119ki pa\u0144skiej, 25.03.2018"},"content":{"rendered":"<p><span style=\"color: #000000;\">1.\u00a0\u00a0\u00a0\u00a0 Niedziela Palmowa rozpoczyna Wielki Tydzie\u0144. Spowied\u017a w tym tygodniu w poniedzia\u0142ek, wtorek i \u015brod\u0119. P\u00f3\u017aniej mo\u017cliwo\u015bci spowiedzi ju\u017c nie b\u0119dzie. W czwartek i pi\u0105tek kancelaria parafialna b\u0119dzie nieczynna. Sprawy kancelaryjne prosimy za\u0142atwia\u0107 do \u015brody w\u0142\u0105cznie.\u00a0<\/span><\/p>\n<p><span style=\"color: #000000;\">2.\u00a0\u00a0\u00a0 W czwartek rozpoczyna si\u0119 \u015awi\u0119te Triduum Paschalne &#8211; najwa\u017cniejszy okres liturgiczny w ca\u0142ym roku. Nie b\u0119dzie przez trzy dni Mszy porannych, tylko wyj\u0105tkowo uroczyste nabo\u017ce\u0144stwa wieczorne. \u00a0<\/span><br \/>\n<span style=\"color: #000000;\">Plan Triduum Paschalnego:<\/span><br \/>\n<span style=\"color: #000000;\">Wielki Czwartek \u00a0godz. \u00a018.00,\u00a0Msza Wieczerzy Pa\u0144skiej<\/span><br \/>\n<span style=\"color: #000000;\">Wielki Pi\u0105tek\u00a0\u00a0\u00a0 \u00a0\u00a0\u00a0\u00a0godz. \u00a018.00, Liturgia M\u0119ki Pa\u0144skiej <\/span><br \/>\n<span style=\"color: #000000;\">Wielka Sobota \u00a0\u00a0\u00a0\u00a0\u00a0godz. \u00a019.00, Wigilia Paschalna<\/span><\/p>\n<p><span style=\"color: #000000;\">3.\u00a0\u00a0\u00a0 W Wielki Pi\u0105tek obowi\u0105zuje post \u015bcis\u0142y. To przykazanie ko\u015bcielne dotyczy os\u00f3b zdrowych w wieku od 18 do 60 lat. W pi\u0105tek i sobot\u0119 zapraszamy na wsp\u00f3ln\u0105 jutrzni\u0119 o godz. 8.15.<\/span><\/p>\n<p><span style=\"color: #000000;\">4.\u00a0\u00a0\u00a0 W Wielk\u0105 Sobot\u0119 \u015bwi\u0119cenie pokarm\u00f3w na st\u00f3\u0142 wielkanocny w godzinach od 9.00 do 16.00. U ministrant\u00f3w b\u0119dzie mo\u017cna zaopatrzy\u0107 si\u0119 w wod\u0119 \u015bwi\u0119con\u0105.<\/span><\/p>\n<p><span style=\"color: #000000;\">5.\u00a0\u00a0\u00a0 S\u0105 jeszcze wolne intencje na Wigili\u0119 Paschaln\u0105 \u2013 pierwsz\u0105 uroczyst\u0105 Msz\u0119 \u015bw. wielkanocn\u0105. W Wielk\u0105 Niedziel\u0119 1 kwietnia o godz. 12.30 Msza \u015bw. zbiorowa, na kt\u00f3r\u0105 intencje mo\u017cemy zg\u0142asza\u0107 w zakrystii i kancelarii.<\/span><\/p>\n<p><span style=\"color: #000000;\">6.\u00a0\u00a0\u00a0 Rezurekcja w Niedziel\u0119 Zmartwychwstania o godz. 6.00. Ze wzgl\u0119du na rezurekcj\u0119 nie b\u0119dzie Mszy o godz. 7.00, a pozosta\u0142e Msze wed\u0142ug porz\u0105dku niedzielnego.\u00a0\u00a0<\/span><\/p>\n<p><span style=\"color: #000000;\">7.\u00a0\u00a0\u00a0 W Niedziel\u0119 Bo\u017cego Mi\u0142osierdzia o godz. 15.00 Koronka do Bo\u017cego Mi\u0142osierdzia. Intencje zg\u0142aszamy w zakrystii i kancelarii.<\/span><\/p>\n<p><span style=\"color: #000000;\">8.\u00a0\u00a0\u00a0 Kolejne spotkanie rodzic\u00f3w dzieci kl. III z racji przygotowania do I komunii \u015bw. w poniedzia\u0142ek 9 kwietnia o godz. 18.30. Obecno\u015b\u0107 obowi\u0105zkowa.<\/span><\/p>\n<p><span style=\"color: #000000;\">9.\u00a0\u00a0\u00a0 Dzi\u0119kujemy za ofiary z\u0142o\u017cone na kwiaty do grobu Pana Jezusa. Skarbonka na ten cel stoi jeszcze przed Domkiem Loreta\u0144skim.<\/span><\/p>\n<p><span style=\"color: #000000;\">10.\u00a0\u00a0Dzisiaj w ramach ja\u0142mu\u017cny wielkopostnej mo\u017cemy wesprze\u0107 Dom Samotnych Matek z Dzie\u0107mi przy ul. Skierdowskiej w Warszawie. Mieszkanki domu po ka\u017cdej Mszy \u015bw. przed ko\u015bcio\u0142em b\u0119d\u0105 rozprowadza\u0107 wielkanocne r\u0119kodzie\u0142o.<\/span><\/p>\n<p><span style=\"color: #000000;\">11. \u00a0 W ramach \u015bwi\u0105tecznych przygotowa\u0144 zach\u0119camy do lektury tygodnika Idziemy oraz gazetki parafialnej We\u017a Ewangeli\u0119 do Domu.<\/span><\/p>\n","protected":false},"excerpt":{"rendered":"<p>1.\u00a0\u00a0\u00a0\u00a0 Niedziela Palmowa rozpoczyna Wielki Tydzie\u0144. Spowied\u017a w tym tygodniu w poniedzia\u0142ek, wtorek i \u015brod\u0119. P\u00f3\u017aniej mo\u017cliwo\u015bci spowiedzi ju\u017c nie b\u0119dzie. W czwartek i pi\u0105tek kancelaria parafialna b\u0119dzie nieczynna. Sprawy kancelaryjne prosimy za\u0142atwia\u0107 do \u015brody w\u0142\u0105cznie.\u00a0 2.\u00a0\u00a0\u00a0 W czwartek rozpoczyna si\u0119 \u015awi\u0119te Triduum Paschalne &#8211; najwa\u017cniejszy okres liturgiczny w ca\u0142ym roku. Nie b\u0119dzie przez trzy [&hellip;]<\/p>\n","protected":false},"author":1,"featured_media":0,"comment_status":"closed","ping_status":"open","sticky":false,"template":"","format":"standard","meta":{"ngg_post_thumbnail":0,"footnotes":""},"categories":[3],"tags":[],"class_list":["post-1302","post","type-post","status-publish","format-standard","hentry","category-ogloszenia-duszpasterskie"],"_links":{"self":[{"href":"https:\/\/mbloretanska.pl\/index.php?rest_route=\/wp\/v2\/posts\/1302","targetHints":{"allow":["GET"]}}],"collection":[{"href":"https:\/\/mbloretanska.pl\/index.php?rest_route=\/wp\/v2\/posts"}],"about":[{"href":"https:\/\/mbloretanska.pl\/index.php?rest_route=\/wp\/v2\/types\/post"}],"author":[{"embeddable":true,"href":"https:\/\/mbloretanska.pl\/index.php?rest_route=\/wp\/v2\/users\/1"}],"replies":[{"embeddable":true,"href":"https:\/\/mbloretanska.pl\/index.php?rest_route=%2Fwp%2Fv2%2Fcomments&post=1302"}],"version-history":[{"count":6,"href":"https:\/\/mbloretanska.pl\/index.php?rest_route=\/wp\/v2\/posts\/1302\/revisions"}],"predecessor-version":[{"id":1320,"href":"https:\/\/mbloretanska.pl\/index.php?rest_route=\/wp\/v2\/posts\/1302\/revisions\/1320"}],"wp:attachment":[{"href":"https:\/\/mbloretanska.pl\/index.php?rest_route=%2Fwp%2Fv2%2Fmedia&parent=1302"}],"wp:term":[{"taxonomy":"category","embeddable":true,"href":"https:\/\/mbloretanska.pl\/index.php?rest_route=%2Fwp%2Fv2%2Fcategories&post=1302"},{"taxonomy":"post_tag","embeddable":true,"href":"https:\/\/mbloretanska.pl\/index.php?rest_route=%2Fwp%2Fv2%2Ftags&post=1302"}],"curies":[{"name":"wp","href":"https:\/\/api.w.org\/{rel}","templated":true}]}}