{"id":1300,"date":"2018-03-24T14:31:54","date_gmt":"2018-03-24T13:31:54","guid":{"rendered":"http:\/\/mbloretanska.pl\/?p=1300"},"modified":"2018-03-24T14:31:54","modified_gmt":"2018-03-24T13:31:54","slug":"intencje-mszalne-25-30-05-2018","status":"publish","type":"post","link":"https:\/\/mbloretanska.pl\/?p=1300","title":{"rendered":"intencje mszalne 25-30.05.2018"},"content":{"rendered":"<table width=\"748\">\n<tbody>\n<tr>\n<td colspan=\"3\" width=\"748\">\n<p style=\"text-align: center;\"><strong>Niedziela Palmowa\u00a025 marca 2018<\/strong><\/p>\n<\/td>\n<\/tr>\n<tr>\n<td colspan=\"3\" width=\"748\">&nbsp;<\/td>\n<\/tr>\n<tr>\n<td colspan=\"2\" width=\"122\">\n<p style=\"text-align: center;\">7.00<\/p>\n<\/td>\n<td width=\"626\">+ Alicj\u0119 Frydrych \u2013 intencja od wdzi\u0119cznych s\u0105siad\u00f3w z ul. Jagiello\u0144skiej 62<\/td>\n<\/tr>\n<tr>\n<td colspan=\"2\" width=\"122\">\n<p style=\"text-align: center;\">8.30<\/p>\n<\/td>\n<td width=\"626\">+ Janin\u0119, J\u00f3zefa Petlak, Sabin\u0119 Bart\u0142omiejczak<\/td>\n<\/tr>\n<tr>\n<td colspan=\"2\" width=\"122\">\n<p style=\"text-align: center;\">10.00<\/p>\n<\/td>\n<td width=\"626\">+ J\u00f3zefa w 14 r. \u015bm.Bronis\u0142aw\u0119 w 12 r. \u015bm. Przonka<\/td>\n<\/tr>\n<tr>\n<td colspan=\"2\" width=\"122\">\n<p style=\"text-align: center;\">11.00<\/p>\n<\/td>\n<td width=\"626\">+Stanis\u0142awa Gromadzkiego w 8 r. \u015bm. CR Gromadzkich i Kami\u0144skich<\/td>\n<\/tr>\n<tr>\n<td colspan=\"2\" width=\"122\">\n<p style=\"text-align: center;\">12.30<\/p>\n<\/td>\n<td width=\"626\">+ Sylwestra Trybackiego w 15 r. \u015bm, Stefani\u0119, Bronis\u0142awa Zawile\u0144skich<\/td>\n<\/tr>\n<tr>\n<td colspan=\"2\" width=\"122\">\n<p style=\"text-align: center;\">18.00<\/p>\n<\/td>\n<td width=\"626\">+ Waldemara w 6 r. \u015bm., J\u00f3zef\u0119 i J\u00f3zefa Czerwi\u0144skich<\/td>\n<\/tr>\n<tr>\n<td colspan=\"3\" width=\"748\">\n<p style=\"text-align: center;\"><strong>Wielki Poniedzia\u0142ek,\u00a026 marca 2018<\/strong><\/p>\n<\/td>\n<\/tr>\n<tr>\n<td colspan=\"3\" width=\"748\">&nbsp;<\/td>\n<\/tr>\n<tr>\n<td width=\"119\">\n<p style=\"text-align: center;\">7.00<\/p>\n<\/td>\n<td colspan=\"2\" width=\"629\">&#8211; o powr\u00f3t do zdrowia dla El\u017cbiety Wo\u017anickiej<\/td>\n<\/tr>\n<tr>\n<td width=\"119\">\n<p style=\"text-align: center;\">\u00a08.00<\/p>\n<\/td>\n<td colspan=\"2\" width=\"629\">+ Wac\u0142awa, Barbar\u0119, Stanis\u0142awa, Franciszk\u0119 Ulatowskich<\/td>\n<\/tr>\n<tr>\n<td width=\"119\">\n<p style=\"text-align: center;\">\u00a018.00<\/p>\n<\/td>\n<td colspan=\"2\" width=\"629\">&#8211; w intencji Andrzeja<\/td>\n<\/tr>\n<tr>\n<td colspan=\"3\" width=\"748\">\n<p style=\"text-align: center;\"><strong>Wielki Wtorek,\u00a027 marca\u00a0 2018<\/strong><\/p>\n<\/td>\n<\/tr>\n<tr>\n<td colspan=\"3\" width=\"748\">&nbsp;<\/td>\n<\/tr>\n<tr>\n<td width=\"119\">\n<p style=\"text-align: center;\">\u00a07.00<\/p>\n<\/td>\n<td colspan=\"2\" width=\"629\">+ Aniel\u0119, Bronis\u0142awa Sacharczuk\u00f3w, Zofi\u0119, Filipiuk, Jadwig\u0119 Wasiuk<\/td>\n<\/tr>\n<tr>\n<td width=\"119\">\n<p style=\"text-align: center;\">8.00<\/p>\n<\/td>\n<td colspan=\"2\" width=\"629\">+ Jadwig\u0119, w 11 r. \u015bm. Stanislawa B\u0142a\u017cewicz, Regin\u0119, Wies\u0142aw\u0119 i Henryka D\u0105browskich<\/td>\n<\/tr>\n<tr>\n<td width=\"119\">\n<p style=\"text-align: center;\">18.00<\/p>\n<\/td>\n<td colspan=\"2\" width=\"629\">+ Hann\u0119, Paw\u0142a w 11 r. \u015bm. Czarneckich<\/td>\n<\/tr>\n<tr>\n<td colspan=\"3\" width=\"748\">\n<p style=\"text-align: center;\"><strong>Wielka \u015aroda,\u00a028 marca 2018<\/strong><\/p>\n<\/td>\n<\/tr>\n<tr>\n<td colspan=\"3\" width=\"748\">&nbsp;<\/td>\n<\/tr>\n<tr>\n<td width=\"119\">\n<p style=\"text-align: center;\">7.00<\/p>\n<\/td>\n<td colspan=\"2\" width=\"629\">+ Tadeusza Wojdat w 1 r. \u015bm. \u2013 intencja od kierownictwa i pracownik\u00f3w Zak\u0142ad\u00f3w Linii Kolejowych w Warszawie<\/td>\n<\/tr>\n<tr>\n<td width=\"119\">\n<p style=\"text-align: center;\">8.00<\/p>\n<\/td>\n<td colspan=\"2\" width=\"629\">+ Mariana \u015awistaka w 65 r. \u015bm.<\/td>\n<\/tr>\n<tr>\n<td width=\"119\">\n<p style=\"text-align: center;\">\u00a017.45<\/p>\n<\/td>\n<td colspan=\"2\" width=\"629\">\u00a0NOWENNA DO MATKI BO\u017bEJ NIEUSTAJ\u0104CEJ POMOCY<\/td>\n<\/tr>\n<tr>\n<td colspan=\"3\" width=\"748\">\n<p style=\"text-align: center;\"><strong>\u00a0Wielki Czwartek \u2013 Msza \u015aw. Wieczerzy Pa\u0144skiej\u00a029 marca\u00a0 2018<\/strong><\/p>\n<\/td>\n<\/tr>\n<tr>\n<td colspan=\"3\" width=\"748\">&nbsp;<\/td>\n<\/tr>\n<tr>\n<td width=\"119\">\n<p style=\"text-align: center;\">18.00<\/p>\n<\/td>\n<td colspan=\"2\" width=\"629\">1. Mariann\u0119 w 30 r. \u015bm., Czes\u0142awa oraz zm. z Cr Wejs\u00f3w i Wnuk\u00f3w<\/p>\n<p>2. Henryka Edwarda Jankowskiego w 3 tyg. po \u015bm. i 90 r. urodzin<\/p>\n<p>3. Dz.-B\u0142ag. Z pro\u015bb\u0105 o Bo\u017ce b\u0142og. i potrzebne \u0142aski dla Jadwigii z racji urodzin<\/td>\n<\/tr>\n<tr>\n<td colspan=\"3\" width=\"748\">\n<p style=\"text-align: center;\"><strong>Wielki Pi\u0105tek 30 marca 2018<\/strong><\/p>\n<\/td>\n<\/tr>\n<tr>\n<td colspan=\"3\" width=\"748\">&nbsp;<\/td>\n<\/tr>\n<tr>\n<td width=\"119\">\n<p style=\"text-align: center;\">18.00<\/p>\n<\/td>\n<td colspan=\"2\" width=\"629\">LITURGIA M\u0118KI PA\u0143SKIEJ<\/td>\n<\/tr>\n<tr>\n<td width=\"119\">\n<p style=\"text-align: center;\">19.00<\/p>\n<\/td>\n<td colspan=\"2\" width=\"629\">WIGILIA PASCHALNA<\/td>\n<\/tr>\n<\/tbody>\n<\/table>\n","protected":false},"excerpt":{"rendered":"<p>Niedziela Palmowa\u00a025 marca 2018 &nbsp; 7.00 + Alicj\u0119 Frydrych \u2013 intencja od wdzi\u0119cznych s\u0105siad\u00f3w z ul. Jagiello\u0144skiej 62 8.30 + Janin\u0119, J\u00f3zefa Petlak, Sabin\u0119 Bart\u0142omiejczak 10.00 + J\u00f3zefa w 14 r. \u015bm.Bronis\u0142aw\u0119 w 12 r. \u015bm. Przonka 11.00 +Stanis\u0142awa Gromadzkiego w 8 r. \u015bm. CR Gromadzkich i Kami\u0144skich 12.30 + Sylwestra Trybackiego w 15 r. [&hellip;]<\/p>\n","protected":false},"author":1,"featured_media":0,"comment_status":"closed","ping_status":"open","sticky":false,"template":"","format":"standard","meta":{"ngg_post_thumbnail":0,"footnotes":""},"categories":[6],"tags":[],"class_list":["post-1300","post","type-post","status-publish","format-standard","hentry","category-intencje-mszalne"],"_links":{"self":[{"href":"https:\/\/mbloretanska.pl\/index.php?rest_route=\/wp\/v2\/posts\/1300","targetHints":{"allow":["GET"]}}],"collection":[{"href":"https:\/\/mbloretanska.pl\/index.php?rest_route=\/wp\/v2\/posts"}],"about":[{"href":"https:\/\/mbloretanska.pl\/index.php?rest_route=\/wp\/v2\/types\/post"}],"author":[{"embeddable":true,"href":"https:\/\/mbloretanska.pl\/index.php?rest_route=\/wp\/v2\/users\/1"}],"replies":[{"embeddable":true,"href":"https:\/\/mbloretanska.pl\/index.php?rest_route=%2Fwp%2Fv2%2Fcomments&post=1300"}],"version-history":[{"count":1,"href":"https:\/\/mbloretanska.pl\/index.php?rest_route=\/wp\/v2\/posts\/1300\/revisions"}],"predecessor-version":[{"id":1301,"href":"https:\/\/mbloretanska.pl\/index.php?rest_route=\/wp\/v2\/posts\/1300\/revisions\/1301"}],"wp:attachment":[{"href":"https:\/\/mbloretanska.pl\/index.php?rest_route=%2Fwp%2Fv2%2Fmedia&parent=1300"}],"wp:term":[{"taxonomy":"category","embeddable":true,"href":"https:\/\/mbloretanska.pl\/index.php?rest_route=%2Fwp%2Fv2%2Fcategories&post=1300"},{"taxonomy":"post_tag","embeddable":true,"href":"https:\/\/mbloretanska.pl\/index.php?rest_route=%2Fwp%2Fv2%2Ftags&post=1300"}],"curies":[{"name":"wp","href":"https:\/\/api.w.org\/{rel}","templated":true}]}}