{"id":1228,"date":"2018-03-03T16:55:48","date_gmt":"2018-03-03T15:55:48","guid":{"rendered":"http:\/\/mbloretanska.pl\/?p=1228"},"modified":"2018-03-03T16:55:48","modified_gmt":"2018-03-03T15:55:48","slug":"iii-niedziela-wielkiego-postu-4-marzec-2018","status":"publish","type":"post","link":"https:\/\/mbloretanska.pl\/?p=1228","title":{"rendered":"III niedziela wielkiego Postu, 4 marzec 2018"},"content":{"rendered":"<p><span style=\"color: #000000;\">1. \u00a0Dzi\u015b o godz. 16.00 spotkanie K\u00f3\u0142 \u017bywego R\u00f3\u017ca\u0144ca, a po Mszy \u015bw. wieczornej\u00a0 spotkanie kandydat\u00f3w do sakramentu bierzmowania.<\/span><\/p>\n<p><span style=\"color: #000000;\">2. \u00a0M\u0142odzie\u017c gimnazjaln\u0105 i starsz\u0105 zapraszamy na spotkanie wsp\u00f3lnoty oazowej Ruchu \u015awiat\u0142o-\u017bycie o godz. 19.00.<\/span><\/p>\n<p><span style=\"color: #000000;\">3. \u00a0Serdecznie zapraszamy na nabo\u017ce\u0144stwa pasyjne: gorzkie \u017cale w niedziele o godz. 17.15, droga krzy\u017cowa w pi\u0105tki dla dzieci o 17.15, \u00a0dla doros\u0142ych po Mszy wieczornej o godz. 18.30.<\/span><\/p>\n<p><span style=\"color: #000000;\">4. \u00a0W tym tygodniu od \u015brody do pi\u0105tku odb\u0119d\u0105 si\u0119 szkolne rekolekcje dla m\u0142odzie\u017cy ucz\u0105cej si\u0119 na terenie naszej parafii. Poprowadzi ks. Micha\u0142 Dziedzic z zespo\u0142em Full Power Spirit. Z tej racji w czwartek nie b\u0119dzie adoracji Naj\u015bwi\u0119tszego Sakramentu.<\/span><\/p>\n<p><span style=\"color: #000000;\">5. \u00a0Stowarzyszenie \u0141agiernik\u00f3w \u017bo\u0142nierzy AK wraz z biurem Pos\u0142a Paw\u0142a Lisieckiego \u00a0organizuje zbi\u00f3rk\u0119 paczek wielkanocnych dla kombatant\u00f3w i dzieci z Kres\u00f3w Wschodnich. Szczeg\u00f3\u0142y na plakacie umieszczonym w gablocie.<\/span><\/p>\n<p><span style=\"color: #000000;\">6. \u00a0Nasza parafia razem z biurem Hermes organizuje samolotow\u0105 pielgrzymk\u0119 do Lourdes i sanktuari\u00f3w maryjnych Hiszpanii w terminie 26.09 \u2013 02.10 2018 r. Szczeg\u00f3\u0142owe informacje u ks. Jarka w zakrystii.<\/span><\/p>\n<p><span style=\"color: #000000;\">7. \u00a0Na stoliku prasowym nowy numer tygodnika <i>Idziemy<\/i>, miesi\u0119cznik <i>Tak rodzinie <\/i>oraz niedzielne teksty S\u0142owa Bo\u017cego.<\/span><\/p>\n<p><span style=\"color: #000000;\">8. \u00a0Wszystkim dzisiejszym solenizantom i solenizantkom, w\u015br\u00f3d kt\u00f3rych jest nasz s\u0105siad biskup senior Kazimierz Romaniuk sk\u0142adamy serdeczne \u017cyczenia Bo\u017cego b\u0142ogos\u0142awie\u0144stwa, mi\u0142o\u015bci od bliskich oraz opieki \u015bwi\u0119tego patrona. \u00a0<\/span><\/p>\n","protected":false},"excerpt":{"rendered":"<p>1. \u00a0Dzi\u015b o godz. 16.00 spotkanie K\u00f3\u0142 \u017bywego R\u00f3\u017ca\u0144ca, a po Mszy \u015bw. wieczornej\u00a0 spotkanie kandydat\u00f3w do sakramentu bierzmowania. 2. \u00a0M\u0142odzie\u017c gimnazjaln\u0105 i starsz\u0105 zapraszamy na spotkanie wsp\u00f3lnoty oazowej Ruchu \u015awiat\u0142o-\u017bycie o godz. 19.00. 3. \u00a0Serdecznie zapraszamy na nabo\u017ce\u0144stwa pasyjne: gorzkie \u017cale w niedziele o godz. 17.15, droga krzy\u017cowa w pi\u0105tki dla dzieci o 17.15, [&hellip;]<\/p>\n","protected":false},"author":1,"featured_media":0,"comment_status":"closed","ping_status":"open","sticky":false,"template":"","format":"standard","meta":{"ngg_post_thumbnail":0,"footnotes":""},"categories":[3],"tags":[],"class_list":["post-1228","post","type-post","status-publish","format-standard","hentry","category-ogloszenia-duszpasterskie"],"_links":{"self":[{"href":"https:\/\/mbloretanska.pl\/index.php?rest_route=\/wp\/v2\/posts\/1228","targetHints":{"allow":["GET"]}}],"collection":[{"href":"https:\/\/mbloretanska.pl\/index.php?rest_route=\/wp\/v2\/posts"}],"about":[{"href":"https:\/\/mbloretanska.pl\/index.php?rest_route=\/wp\/v2\/types\/post"}],"author":[{"embeddable":true,"href":"https:\/\/mbloretanska.pl\/index.php?rest_route=\/wp\/v2\/users\/1"}],"replies":[{"embeddable":true,"href":"https:\/\/mbloretanska.pl\/index.php?rest_route=%2Fwp%2Fv2%2Fcomments&post=1228"}],"version-history":[{"count":1,"href":"https:\/\/mbloretanska.pl\/index.php?rest_route=\/wp\/v2\/posts\/1228\/revisions"}],"predecessor-version":[{"id":1229,"href":"https:\/\/mbloretanska.pl\/index.php?rest_route=\/wp\/v2\/posts\/1228\/revisions\/1229"}],"wp:attachment":[{"href":"https:\/\/mbloretanska.pl\/index.php?rest_route=%2Fwp%2Fv2%2Fmedia&parent=1228"}],"wp:term":[{"taxonomy":"category","embeddable":true,"href":"https:\/\/mbloretanska.pl\/index.php?rest_route=%2Fwp%2Fv2%2Fcategories&post=1228"},{"taxonomy":"post_tag","embeddable":true,"href":"https:\/\/mbloretanska.pl\/index.php?rest_route=%2Fwp%2Fv2%2Ftags&post=1228"}],"curies":[{"name":"wp","href":"https:\/\/api.w.org\/{rel}","templated":true}]}}