{"id":1226,"date":"2018-03-03T16:47:41","date_gmt":"2018-03-03T15:47:41","guid":{"rendered":"http:\/\/mbloretanska.pl\/?p=1226"},"modified":"2018-03-03T16:47:41","modified_gmt":"2018-03-03T15:47:41","slug":"intencje-mszalne-4-03-10-03-2018","status":"publish","type":"post","link":"https:\/\/mbloretanska.pl\/?p=1226","title":{"rendered":"INTENCJE MSZALNE 4.03 -10.03.2018"},"content":{"rendered":"<table>\n<tbody>\n<tr>\n<td colspan=\"3\" width=\"774\">\n<p style=\"text-align: center;\"><strong>Niedziela,\u00a04 marca\u00a0 2018<\/strong><\/p>\n<\/td>\n<\/tr>\n<tr>\n<td colspan=\"3\" width=\"774\">&nbsp;<\/td>\n<\/tr>\n<tr>\n<td colspan=\"2\" width=\"113\">\n<p style=\"text-align: center;\">7.00<\/p>\n<\/td>\n<td width=\"661\">+ Janin\u0119, Lucjana Strzelczak<\/td>\n<\/tr>\n<tr>\n<td colspan=\"2\" width=\"113\">\n<p style=\"text-align: center;\">8.30<\/p>\n<\/td>\n<td width=\"661\">+ Marka, Ryszarda Zawadka, Jana, Mariann\u0119, Jerzego Kowalskich, Magd\u0119 Gajek<\/td>\n<\/tr>\n<tr>\n<td colspan=\"2\" width=\"113\">\n<p style=\"text-align: center;\">10.00<\/p>\n<\/td>\n<td width=\"661\">+ Ludwika Ry\u017cy w 28 r. \u015bm., Stanis\u0142awa i Stanis\u0142aw\u0119 Strzeleckich<\/td>\n<\/tr>\n<tr>\n<td colspan=\"2\" width=\"113\">\n<p style=\"text-align: center;\">11.00<\/p>\n<\/td>\n<td width=\"661\">+ Kazimierza-Kajetana Pud\u0142o z racji imienin, Jego dziadk\u00f3w Franciszka, Rozali\u0119, Janin\u0119<br \/>\ni Kazimierza.<\/p>\n<p>&#8211; o Boze b\u0142og. i \u0142ask\u0119 uzdrowienia dla Jakuba Pogody w 14 r. urodzin oraz o\u00a0opiek\u0119 MB Loreta\u0144skiej dla niego<\/td>\n<\/tr>\n<tr>\n<td colspan=\"2\" width=\"113\">\n<p style=\"text-align: center;\">12.30<\/p>\n<\/td>\n<td width=\"661\">+ W\u0142adys\u0142aw\u0119 Jab\u0142o\u0144sk\u0105 w 14 r. \u015bm. Marcina, J\u00f3zefa Jab\u0142o\u0144skich<\/td>\n<\/tr>\n<tr>\n<td colspan=\"2\" width=\"113\">\n<p style=\"text-align: center;\">18.00<\/p>\n<\/td>\n<td width=\"661\">+ Kazimier\u0119 Sztajborn z racji imienin<\/td>\n<\/tr>\n<tr>\n<td colspan=\"3\" width=\"774\">\n<p style=\"text-align: center;\"><strong>Poniedzia\u0142ek,\u00a05 marca\u00a0 2018<\/strong><\/p>\n<\/td>\n<\/tr>\n<tr>\n<td colspan=\"3\" width=\"774\">&nbsp;<\/td>\n<\/tr>\n<tr>\n<td width=\"110\">\n<p style=\"text-align: center;\">7.00<\/p>\n<\/td>\n<td colspan=\"2\" width=\"664\">+ Kazimierza Kozaka<\/td>\n<\/tr>\n<tr>\n<td width=\"110\">\n<p style=\"text-align: center;\">8.00<\/p>\n<\/td>\n<td colspan=\"2\" width=\"664\">+ Alicj\u0119 Frydrych \u2013 intencja od wdzi\u0119cznych s\u0105siad\u00f3w z ul. Jagiello\u0144skiej 62<\/td>\n<\/tr>\n<tr>\n<td width=\"110\">\n<p style=\"text-align: center;\">18.00<\/p>\n<\/td>\n<td colspan=\"2\" width=\"664\">r.<\/td>\n<\/tr>\n<tr>\n<td colspan=\"3\" width=\"774\">\n<p style=\"text-align: center;\"><strong>Wtorek,\u00a06 marca 2018<\/strong><\/p>\n<\/td>\n<\/tr>\n<tr>\n<td colspan=\"3\" width=\"774\">&nbsp;<\/td>\n<\/tr>\n<tr>\n<td width=\"110\">\n<p style=\"text-align: center;\">7.00<\/p>\n<\/td>\n<td colspan=\"2\" width=\"664\">+ Jana w 40 r. \u015bm. Stanis\u0142aw\u0119 w 21 r. \u015bm. Popowskich, Euzebiusza, Wac\u0142aw\u0119 Ga\u0142\u0105zka, Albin\u0119, Jana, Kazimier\u0119 Brogosz<\/td>\n<\/tr>\n<tr>\n<td width=\"110\">\n<p style=\"text-align: center;\">8.00<\/p>\n<\/td>\n<td colspan=\"2\" width=\"664\">Helen\u0119 Nowack\u0105, Helen\u0119 Kadej<\/td>\n<\/tr>\n<tr>\n<td width=\"110\">\n<p style=\"text-align: center;\">18.00<\/p>\n<\/td>\n<td colspan=\"2\" width=\"664\">+ rodzic\u00f3w Kazimier\u0119 i Lucjana Ciborowskich oraz brata Wac\u0142awa<\/td>\n<\/tr>\n<tr>\n<td colspan=\"3\" width=\"774\">\n<p style=\"text-align: center;\"><strong>\u015aroda,<\/strong>\u00a0<strong> 7 marca\u00a0 2018<\/strong><\/p>\n<\/td>\n<\/tr>\n<tr>\n<td colspan=\"3\" width=\"774\">&nbsp;<\/td>\n<\/tr>\n<tr>\n<td width=\"110\">\n<p style=\"text-align: center;\">7.00<\/p>\n<\/td>\n<td colspan=\"2\" width=\"664\">+ Edmunda Franczaka<\/td>\n<\/tr>\n<tr>\n<td width=\"110\">\n<p style=\"text-align: center;\">\u00a08.00<\/p>\n<\/td>\n<td colspan=\"2\" width=\"664\">+ Antoniego D\u0105bkowskiego w 3 r. \u015bm. Kazimierza D\u0105bkowskiego oraz Cr D\u0105bkowskich<\/td>\n<\/tr>\n<tr>\n<td width=\"110\">\n<p style=\"text-align: center;\">17.45<\/p>\n<\/td>\n<td colspan=\"2\" width=\"664\">NOWENNA DO MATKI BO\u017bEJ NIEUSTAJ\u0104CEJ POMOCY<\/td>\n<\/tr>\n<tr>\n<td colspan=\"3\" width=\"774\">\n<p style=\"text-align: center;\"><strong>Czwartek,\u00a08 marca\u00a0 2018<\/strong><\/p>\n<\/td>\n<\/tr>\n<tr>\n<td colspan=\"3\" width=\"774\">&nbsp;<\/td>\n<\/tr>\n<tr>\n<td width=\"110\">\n<p style=\"text-align: center;\">7.00<\/p>\n<\/td>\n<td colspan=\"2\" width=\"664\">+ Emili\u0119 Miszczak w 11 r. \u015bm i Stanis\u0142awa oraz Cr Miszczak\u00f3w \u00a0i Owczarczyk\u00f3w<\/td>\n<\/tr>\n<tr>\n<td width=\"110\">\n<p style=\"text-align: center;\">8.00<\/p>\n<\/td>\n<td colspan=\"2\" width=\"664\">+ Zofi\u0119 Cho\u0142uj\u00a0 w r. \u015bm. oraz siostr\u0119 Krystyn\u0119 i brata Ryszarda<\/td>\n<\/tr>\n<tr>\n<td width=\"110\">\n<p style=\"text-align: center;\">18.00<\/p>\n<\/td>\n<td colspan=\"2\" width=\"664\">+ Zdzis\u0142awa Szczurowskiego w 18 r. \u015bm. Marka w 3 r. \u015bm. i W\u0142adys\u0142awa Luba\u0144skich oraz CR O\u0142dak\u00f3w i Kami\u0144skich<\/td>\n<\/tr>\n<tr>\n<td colspan=\"3\" width=\"774\">\n<p style=\"text-align: center;\"><strong>Pi\u0105tek, 9 marca 2018<\/strong><\/p>\n<\/td>\n<\/tr>\n<tr>\n<td colspan=\"3\" width=\"774\">&nbsp;<\/td>\n<\/tr>\n<tr>\n<td width=\"110\">\n<p style=\"text-align: center;\">7.00<\/p>\n<\/td>\n<td colspan=\"2\" width=\"664\">+\u00a0Adel\u0119 B\u0105k w m-c po pogrzebie<\/td>\n<\/tr>\n<tr>\n<td width=\"110\">\n<p style=\"text-align: center;\">8.00<\/p>\n<\/td>\n<td colspan=\"2\" width=\"664\">+ Jerzego So\u0142tysiaka w 3 r. \u015bm.<\/td>\n<\/tr>\n<tr>\n<td width=\"110\">\n<p style=\"text-align: center;\">18.00<\/p>\n<\/td>\n<td colspan=\"2\" width=\"664\">+ Janin\u0119 Marchel w 2 r. \u015bm. Cr Klimk\u00f3w i Marchl\u00f3w<\/td>\n<\/tr>\n<tr>\n<td colspan=\"3\" width=\"774\">\n<p style=\"text-align: center;\"><strong>Sobota,\u00a010 marca 2018<\/strong><\/p>\n<\/td>\n<\/tr>\n<tr>\n<td colspan=\"3\" width=\"774\">&nbsp;<\/td>\n<\/tr>\n<tr>\n<td width=\"110\">\n<p style=\"text-align: center;\">7.00<\/p>\n<\/td>\n<td colspan=\"2\" width=\"664\">+ Ryszarda w 13 r. \u015bm., Jadwig\u0119 w 3 r. \u015bm Krzyckich<\/td>\n<\/tr>\n<tr>\n<td width=\"110\">\n<p style=\"text-align: center;\">8.00<\/p>\n<\/td>\n<td colspan=\"2\" width=\"664\">\u015aw. Micha\u0142 Archanio\u0142<\/td>\n<\/tr>\n<tr>\n<td width=\"110\">\n<p style=\"text-align: center;\">18.00<\/p>\n<\/td>\n<td colspan=\"2\" width=\"664\">+\u00a0Helen\u0119, J\u00f3zefa, Waldemara, Barnab\u0119 Zbroszczyk\u00f3w, Jana Gli\u0144skiego<\/td>\n<\/tr>\n<\/tbody>\n<\/table>\n","protected":false},"excerpt":{"rendered":"<p>Niedziela,\u00a04 marca\u00a0 2018 &nbsp; 7.00 + Janin\u0119, Lucjana Strzelczak 8.30 + Marka, Ryszarda Zawadka, Jana, Mariann\u0119, Jerzego Kowalskich, Magd\u0119 Gajek 10.00 + Ludwika Ry\u017cy w 28 r. \u015bm., Stanis\u0142awa i Stanis\u0142aw\u0119 Strzeleckich 11.00 + Kazimierza-Kajetana Pud\u0142o z racji imienin, Jego dziadk\u00f3w Franciszka, Rozali\u0119, Janin\u0119 i Kazimierza. &#8211; o Boze b\u0142og. i \u0142ask\u0119 uzdrowienia dla Jakuba [&hellip;]<\/p>\n","protected":false},"author":1,"featured_media":0,"comment_status":"closed","ping_status":"open","sticky":false,"template":"","format":"standard","meta":{"ngg_post_thumbnail":0,"footnotes":""},"categories":[6],"tags":[],"class_list":["post-1226","post","type-post","status-publish","format-standard","hentry","category-intencje-mszalne"],"_links":{"self":[{"href":"https:\/\/mbloretanska.pl\/index.php?rest_route=\/wp\/v2\/posts\/1226","targetHints":{"allow":["GET"]}}],"collection":[{"href":"https:\/\/mbloretanska.pl\/index.php?rest_route=\/wp\/v2\/posts"}],"about":[{"href":"https:\/\/mbloretanska.pl\/index.php?rest_route=\/wp\/v2\/types\/post"}],"author":[{"embeddable":true,"href":"https:\/\/mbloretanska.pl\/index.php?rest_route=\/wp\/v2\/users\/1"}],"replies":[{"embeddable":true,"href":"https:\/\/mbloretanska.pl\/index.php?rest_route=%2Fwp%2Fv2%2Fcomments&post=1226"}],"version-history":[{"count":1,"href":"https:\/\/mbloretanska.pl\/index.php?rest_route=\/wp\/v2\/posts\/1226\/revisions"}],"predecessor-version":[{"id":1227,"href":"https:\/\/mbloretanska.pl\/index.php?rest_route=\/wp\/v2\/posts\/1226\/revisions\/1227"}],"wp:attachment":[{"href":"https:\/\/mbloretanska.pl\/index.php?rest_route=%2Fwp%2Fv2%2Fmedia&parent=1226"}],"wp:term":[{"taxonomy":"category","embeddable":true,"href":"https:\/\/mbloretanska.pl\/index.php?rest_route=%2Fwp%2Fv2%2Fcategories&post=1226"},{"taxonomy":"post_tag","embeddable":true,"href":"https:\/\/mbloretanska.pl\/index.php?rest_route=%2Fwp%2Fv2%2Ftags&post=1226"}],"curies":[{"name":"wp","href":"https:\/\/api.w.org\/{rel}","templated":true}]}}