{"id":1210,"date":"2018-02-24T13:39:10","date_gmt":"2018-02-24T12:39:10","guid":{"rendered":"http:\/\/mbloretanska.pl\/?p=1210"},"modified":"2018-02-24T13:45:57","modified_gmt":"2018-02-24T12:45:57","slug":"zaproszenie","status":"publish","type":"post","link":"https:\/\/mbloretanska.pl\/?p=1210","title":{"rendered":"Zaproszenie"},"content":{"rendered":"<p><strong>Szanowni Pa\u0144stwo,<\/strong><\/p>\n<p><strong>zapraszamy do udzia\u0142u w charytatywnej zbi\u00f3rce wielkanocnej &#8222;Polacy-Kresowym Strace\u0144com&#8221; pod patronatem pos\u0142a na Sejm RP Paw\u0142a Lisieckiego. Poni\u017cej zamieszczamy plakat zbi\u00f3rki.\u00a0<\/strong><\/p>\n<p><strong>Z powa\u017caniem,<br \/>\n<\/strong><strong>Beata Bieli\u0144ska-Jacewicz<br \/>\n<\/strong><strong>Koordynator Zbi\u00f3rki na teren Pragi-P\u00f3\u0142noc i Pragi-Po\u0142udnie<\/strong><\/p>\n<p><a href=\"https:\/\/mbloretanska.pl\/wp-content\/uploads\/2018\/02\/P_LISIECKI_zbiorka_wielkanoc_2018_plakat_1.pdf\" target=\"_blank\" rel=\"noopener\"><img loading=\"lazy\" decoding=\"async\" class=\"aligncenter size-full wp-image-1212\" src=\"https:\/\/mbloretanska.pl\/wp-content\/uploads\/2018\/02\/Plakat-Lisiecki-Kresy-Gu\u0142ag-AK-strace\u0144cy.png\" alt=\"\" width=\"1016\" height=\"1430\" srcset=\"https:\/\/mbloretanska.pl\/wp-content\/uploads\/2018\/02\/Plakat-Lisiecki-Kresy-Gu\u0142ag-AK-strace\u0144cy.png 1016w, https:\/\/mbloretanska.pl\/wp-content\/uploads\/2018\/02\/Plakat-Lisiecki-Kresy-Gu\u0142ag-AK-strace\u0144cy-213x300.png 213w, https:\/\/mbloretanska.pl\/wp-content\/uploads\/2018\/02\/Plakat-Lisiecki-Kresy-Gu\u0142ag-AK-strace\u0144cy-768x1081.png 768w, https:\/\/mbloretanska.pl\/wp-content\/uploads\/2018\/02\/Plakat-Lisiecki-Kresy-Gu\u0142ag-AK-strace\u0144cy-732x1030.png 732w, https:\/\/mbloretanska.pl\/wp-content\/uploads\/2018\/02\/Plakat-Lisiecki-Kresy-Gu\u0142ag-AK-strace\u0144cy-501x705.png 501w, https:\/\/mbloretanska.pl\/wp-content\/uploads\/2018\/02\/Plakat-Lisiecki-Kresy-Gu\u0142ag-AK-strace\u0144cy-450x633.png 450w\" sizes=\"auto, (max-width: 1016px) 100vw, 1016px\" \/><\/a><\/p>\n","protected":false},"excerpt":{"rendered":"<p>Szanowni Pa\u0144stwo, zapraszamy do udzia\u0142u w charytatywnej zbi\u00f3rce wielkanocnej &#8222;Polacy-Kresowym Strace\u0144com&#8221; pod patronatem pos\u0142a na Sejm RP Paw\u0142a Lisieckiego. Poni\u017cej zamieszczamy plakat zbi\u00f3rki.\u00a0 Z powa\u017caniem, Beata Bieli\u0144ska-Jacewicz Koordynator Zbi\u00f3rki na teren Pragi-P\u00f3\u0142noc i Pragi-Po\u0142udnie<\/p>\n","protected":false},"author":1,"featured_media":0,"comment_status":"closed","ping_status":"open","sticky":false,"template":"","format":"standard","meta":{"ngg_post_thumbnail":0,"footnotes":""},"categories":[1],"tags":[],"class_list":["post-1210","post","type-post","status-publish","format-standard","hentry","category-aktualnosci"],"_links":{"self":[{"href":"https:\/\/mbloretanska.pl\/index.php?rest_route=\/wp\/v2\/posts\/1210","targetHints":{"allow":["GET"]}}],"collection":[{"href":"https:\/\/mbloretanska.pl\/index.php?rest_route=\/wp\/v2\/posts"}],"about":[{"href":"https:\/\/mbloretanska.pl\/index.php?rest_route=\/wp\/v2\/types\/post"}],"author":[{"embeddable":true,"href":"https:\/\/mbloretanska.pl\/index.php?rest_route=\/wp\/v2\/users\/1"}],"replies":[{"embeddable":true,"href":"https:\/\/mbloretanska.pl\/index.php?rest_route=%2Fwp%2Fv2%2Fcomments&post=1210"}],"version-history":[{"count":10,"href":"https:\/\/mbloretanska.pl\/index.php?rest_route=\/wp\/v2\/posts\/1210\/revisions"}],"predecessor-version":[{"id":1222,"href":"https:\/\/mbloretanska.pl\/index.php?rest_route=\/wp\/v2\/posts\/1210\/revisions\/1222"}],"wp:attachment":[{"href":"https:\/\/mbloretanska.pl\/index.php?rest_route=%2Fwp%2Fv2%2Fmedia&parent=1210"}],"wp:term":[{"taxonomy":"category","embeddable":true,"href":"https:\/\/mbloretanska.pl\/index.php?rest_route=%2Fwp%2Fv2%2Fcategories&post=1210"},{"taxonomy":"post_tag","embeddable":true,"href":"https:\/\/mbloretanska.pl\/index.php?rest_route=%2Fwp%2Fv2%2Ftags&post=1210"}],"curies":[{"name":"wp","href":"https:\/\/api.w.org\/{rel}","templated":true}]}}