{"id":1202,"date":"2018-02-23T17:48:25","date_gmt":"2018-02-23T16:48:25","guid":{"rendered":"http:\/\/mbloretanska.pl\/?p=1202"},"modified":"2018-02-23T17:48:25","modified_gmt":"2018-02-23T16:48:25","slug":"intencje-mszalne-25-02-03-03-2018","status":"publish","type":"post","link":"https:\/\/mbloretanska.pl\/?p=1202","title":{"rendered":"INTENCJE MSZALNE 25.02-03.03.2018"},"content":{"rendered":"<table>\n<tbody>\n<tr>\n<td colspan=\"3\" width=\"774\">\n<p style=\"text-align: center;\"><strong>Niedziela,\u00a025 luty 2018<\/strong><\/p>\n<\/td>\n<\/tr>\n<tr>\n<td colspan=\"3\" width=\"774\">&nbsp;<\/td>\n<\/tr>\n<tr>\n<td colspan=\"2\" width=\"113\">\n<p style=\"text-align: center;\">7.00<\/p>\n<\/td>\n<td width=\"661\">+ Ryszarda Kwiatkowskiego (25 GR)<\/td>\n<\/tr>\n<tr>\n<td colspan=\"2\" width=\"113\">\n<p style=\"text-align: center;\">8.30<\/p>\n<\/td>\n<td width=\"661\">+ Stanis\u0142awa Wasilewskiego i zm. z CR<\/td>\n<\/tr>\n<tr>\n<td colspan=\"2\" width=\"113\">\n<p style=\"text-align: center;\">10.00<\/p>\n<\/td>\n<td width=\"661\">+ Jana Stelmacha i jego rodzic\u00f3w oraz zm. z CR<\/td>\n<\/tr>\n<tr>\n<td colspan=\"2\" width=\"113\">\n<p style=\"text-align: center;\">11.00<\/p>\n<\/td>\n<td width=\"661\">+ Miros\u0142awa Bajkowskiego<\/p>\n<p>&#8211; o Bo\u017ce B\u0142og. i potrzebne laski dla Wies\u0142awy R\u0119biejewskiej z racji 70 r. urodzin. O \u0142ask\u0119 zdrowia\u00a0 i opiek\u0119 MB Loreta\u0144skiej na dalsze lata<\/td>\n<\/tr>\n<tr>\n<td colspan=\"2\" width=\"113\">\n<p style=\"text-align: center;\">12.30<\/p>\n<\/td>\n<td width=\"661\">+ Stefani\u0119 D\u0119bsk\u0105 w 13 r. \u015bm., Franciszka,Ewe\u0119, Zdzis\u0142awa D\u0119bskich<\/td>\n<\/tr>\n<tr>\n<td colspan=\"2\" width=\"113\">\n<p style=\"text-align: center;\">18.00<\/p>\n<\/td>\n<td width=\"661\">+ Henryka Wawry\u0142o w 12 r. \u015bm. , Feliks\u0119, Aleksandra O\u0142dak<\/td>\n<\/tr>\n<tr>\n<td colspan=\"3\" width=\"774\">\n<p style=\"text-align: center;\"><strong>Poniedzia\u0142ek,\u00a026 luty 2018<\/strong><\/p>\n<\/td>\n<\/tr>\n<tr>\n<td colspan=\"3\" width=\"774\">&nbsp;<\/td>\n<\/tr>\n<tr>\n<td width=\"110\">\n<p style=\"text-align: center;\">7.00<\/p>\n<\/td>\n<td colspan=\"2\" width=\"664\">+ Ryszarda Kwiatkowskiego (26 GR)<\/td>\n<\/tr>\n<tr>\n<td width=\"110\">\n<p style=\"text-align: center;\">\u00a08.00<\/p>\n<\/td>\n<td colspan=\"2\" width=\"664\">+ El\u017cbiet\u0119 Ste\u0107 w 6 r. \u015bm.<\/td>\n<\/tr>\n<tr>\n<td width=\"110\">\n<p style=\"text-align: center;\">18.00<\/p>\n<\/td>\n<td colspan=\"2\" width=\"664\">+ Ma\u0142gorzat\u0119 Bigos<\/td>\n<\/tr>\n<tr>\n<td colspan=\"3\" width=\"774\">\n<p style=\"text-align: center;\"><strong>Wtorek,\u00a027 luty\u00a0 2018<\/strong><\/p>\n<\/td>\n<\/tr>\n<tr>\n<td colspan=\"3\" width=\"774\">&nbsp;<\/td>\n<\/tr>\n<tr>\n<td width=\"110\">\n<p style=\"text-align: center;\">\u00a07.00<\/p>\n<\/td>\n<td colspan=\"2\" width=\"664\">+ Ryszarda Kwiatkowskiego (27 GR)<\/td>\n<\/tr>\n<tr>\n<td width=\"110\">\n<p style=\"text-align: center;\">\u00a08.00<\/p>\n<\/td>\n<td colspan=\"2\" width=\"664\">+ Andrzeja Wronk\u0119 w 8 r. tragicznej \u015bm.<\/td>\n<\/tr>\n<tr>\n<td width=\"110\">\n<p style=\"text-align: center;\">18.00<\/p>\n<\/td>\n<td colspan=\"2\" width=\"664\">+Helen\u0119 z racji imienin<\/td>\n<\/tr>\n<tr>\n<td colspan=\"3\" width=\"774\">\n<p style=\"text-align: center;\"><strong>\u015aroda,\u00a0 28 luty 2018<\/strong><\/p>\n<\/td>\n<\/tr>\n<tr>\n<td colspan=\"3\" width=\"774\">&nbsp;<\/td>\n<\/tr>\n<tr>\n<td width=\"110\">\n<p style=\"text-align: center;\">7.00<\/p>\n<\/td>\n<td colspan=\"2\" width=\"664\">+Ryszarda Kwiatkowskiego (28 GR)<\/td>\n<\/tr>\n<tr>\n<td width=\"110\">\n<p style=\"text-align: center;\">8.00<\/p>\n<\/td>\n<td colspan=\"2\" width=\"664\">+Romana Stachewicza z racji imienin<\/td>\n<\/tr>\n<tr>\n<td width=\"110\">\n<p style=\"text-align: center;\">17.45<\/p>\n<\/td>\n<td colspan=\"2\" width=\"664\">NOWENNA DO MATKI BO\u017bEJ NIEUSTAJ\u0104CEJ POMOCY<\/td>\n<\/tr>\n<tr>\n<td colspan=\"3\" width=\"774\">\n<p style=\"text-align: center;\"><strong>\u00a0Czwartek,\u00a01 \u00a0marca\u00a0 2018<\/strong><\/p>\n<\/td>\n<\/tr>\n<tr>\n<td colspan=\"3\" width=\"774\">&nbsp;<\/td>\n<\/tr>\n<tr>\n<td width=\"110\">\n<p style=\"text-align: center;\">7.00<\/p>\n<\/td>\n<td colspan=\"2\" width=\"664\">+ Ryszarda Kwiatkowskiego (22 GR)<\/td>\n<\/tr>\n<tr>\n<td width=\"110\">\n<p style=\"text-align: center;\">8.00<\/p>\n<\/td>\n<td colspan=\"2\" width=\"664\">Za \u017bo\u0142nierzy Niez\u0142omnych o potrzebne \u0142aski i Bo\u017ce b\u0142og. dla zyj\u0105cych a dla zm. o rado\u015b\u0107 wieczn\u0105<\/td>\n<\/tr>\n<tr>\n<td width=\"110\">\n<p style=\"text-align: center;\">18.00<\/p>\n<\/td>\n<td colspan=\"2\" width=\"664\">+ Ameli\u0119 Kordowsk\u0105 w 50 r. \u015bm. Jana, Jerzego Kordowskich, Jacka Czub<\/td>\n<\/tr>\n<tr>\n<td colspan=\"3\" width=\"774\">\n<p style=\"text-align: center;\">\u00a0<strong>Pi\u0105tek, 2 marca 2018<\/strong><\/p>\n<\/td>\n<\/tr>\n<tr>\n<td colspan=\"3\" width=\"774\">&nbsp;<\/td>\n<\/tr>\n<tr>\n<td width=\"110\">\n<p style=\"text-align: center;\">7.00<\/p>\n<\/td>\n<td colspan=\"2\" width=\"664\">+\u00a0Ryszarda Kwiatkowskiego (30 ost. GR)<\/td>\n<\/tr>\n<tr>\n<td width=\"110\">\n<p style=\"text-align: center;\">8.00<\/p>\n<\/td>\n<td colspan=\"2\" width=\"664\">\u017b. R. i Legion Maryi<\/td>\n<\/tr>\n<tr>\n<td width=\"110\">\n<p style=\"text-align: center;\">18.00<\/p>\n<\/td>\n<td colspan=\"2\" width=\"664\">+ Helen\u0119, J\u00f3zefa, Bogdana, Mari\u0119, Aleksandra, Stefana Mozal\u00f3w<\/td>\n<\/tr>\n<tr>\n<td colspan=\"3\" width=\"774\">\n<p style=\"text-align: center;\"><strong>Sobota,\u00a03 \u00a0marca 2018<\/strong><\/p>\n<\/td>\n<\/tr>\n<tr>\n<td colspan=\"3\" width=\"774\">&nbsp;<\/td>\n<\/tr>\n<tr>\n<td width=\"110\">\n<p style=\"text-align: center;\">7.00<\/p>\n<\/td>\n<td colspan=\"2\" width=\"664\">R.<\/td>\n<\/tr>\n<tr>\n<td width=\"110\">\n<p style=\"text-align: center;\">8.00<\/p>\n<\/td>\n<td colspan=\"2\" width=\"664\">+ Henryk\u0119 Czerbniak w 3 r. \u015bm.<\/td>\n<\/tr>\n<tr>\n<td width=\"110\">\n<p style=\"text-align: center;\">18.00<\/p>\n<\/td>\n<td colspan=\"2\" width=\"664\">+\u00a0Cecyli\u0119 Matowa\u0144sk\u0105 w 30 r. \u015bm.<\/td>\n<\/tr>\n<\/tbody>\n<\/table>\n<p>&nbsp;<\/p>\n","protected":false},"excerpt":{"rendered":"<p>Niedziela,\u00a025 luty 2018 &nbsp; 7.00 + Ryszarda Kwiatkowskiego (25 GR) 8.30 + Stanis\u0142awa Wasilewskiego i zm. z CR 10.00 + Jana Stelmacha i jego rodzic\u00f3w oraz zm. z CR 11.00 + Miros\u0142awa Bajkowskiego &#8211; o Bo\u017ce B\u0142og. i potrzebne laski dla Wies\u0142awy R\u0119biejewskiej z racji 70 r. urodzin. O \u0142ask\u0119 zdrowia\u00a0 i opiek\u0119 MB Loreta\u0144skiej [&hellip;]<\/p>\n","protected":false},"author":1,"featured_media":0,"comment_status":"closed","ping_status":"open","sticky":false,"template":"","format":"standard","meta":{"ngg_post_thumbnail":0,"footnotes":""},"categories":[6],"tags":[],"class_list":["post-1202","post","type-post","status-publish","format-standard","hentry","category-intencje-mszalne"],"_links":{"self":[{"href":"https:\/\/mbloretanska.pl\/index.php?rest_route=\/wp\/v2\/posts\/1202","targetHints":{"allow":["GET"]}}],"collection":[{"href":"https:\/\/mbloretanska.pl\/index.php?rest_route=\/wp\/v2\/posts"}],"about":[{"href":"https:\/\/mbloretanska.pl\/index.php?rest_route=\/wp\/v2\/types\/post"}],"author":[{"embeddable":true,"href":"https:\/\/mbloretanska.pl\/index.php?rest_route=\/wp\/v2\/users\/1"}],"replies":[{"embeddable":true,"href":"https:\/\/mbloretanska.pl\/index.php?rest_route=%2Fwp%2Fv2%2Fcomments&post=1202"}],"version-history":[{"count":1,"href":"https:\/\/mbloretanska.pl\/index.php?rest_route=\/wp\/v2\/posts\/1202\/revisions"}],"predecessor-version":[{"id":1204,"href":"https:\/\/mbloretanska.pl\/index.php?rest_route=\/wp\/v2\/posts\/1202\/revisions\/1204"}],"wp:attachment":[{"href":"https:\/\/mbloretanska.pl\/index.php?rest_route=%2Fwp%2Fv2%2Fmedia&parent=1202"}],"wp:term":[{"taxonomy":"category","embeddable":true,"href":"https:\/\/mbloretanska.pl\/index.php?rest_route=%2Fwp%2Fv2%2Fcategories&post=1202"},{"taxonomy":"post_tag","embeddable":true,"href":"https:\/\/mbloretanska.pl\/index.php?rest_route=%2Fwp%2Fv2%2Ftags&post=1202"}],"curies":[{"name":"wp","href":"https:\/\/api.w.org\/{rel}","templated":true}]}}