{"id":1058,"date":"2018-01-07T00:33:12","date_gmt":"2018-01-06T23:33:12","guid":{"rendered":"http:\/\/mbloretanska.pl\/?p=1058"},"modified":"2018-01-07T00:33:12","modified_gmt":"2018-01-06T23:33:12","slug":"intencje-mszalne-07-01-18-13-01-18","status":"publish","type":"post","link":"https:\/\/mbloretanska.pl\/?p=1058","title":{"rendered":"INTENCJE MSZALNE 07.01.18-13.01.18"},"content":{"rendered":"<table>\n<tbody>\n<tr>\n<td colspan=\"3\" width=\"619\">\n<p style=\"text-align: center;\"><strong>Niedziela Chrztu Pa\u0144skiego<br \/>\n<\/strong>7 stycznia 2018<\/p>\n<\/td>\n<\/tr>\n<tr>\n<td colspan=\"3\" width=\"619\"><\/td>\n<\/tr>\n<tr>\n<td colspan=\"2\" width=\"91\">\n<p style=\"text-align: center;\">7.00<\/p>\n<\/td>\n<td width=\"529\">Dz.-b\u0142ag za \u0142ask\u0119\u00a0\u00a0uzdrowienia z choroby nowotworowej\u00a0\u00a0Ewy<\/td>\n<\/tr>\n<tr>\n<td colspan=\"2\" width=\"91\">\n<p style=\"text-align: center;\">8.30<\/p>\n<\/td>\n<td width=\"529\">+ Mariann\u0119, Janusza Malenta, Wac\u0142awa Oleszczuka, Cr Ko\u0144k\u00f3w, Malent\u00f3w, Mate\u0144k\u00f3w, Oleszczuk\u00f3w<\/td>\n<\/tr>\n<tr>\n<td colspan=\"2\" width=\"91\">\n<p style=\"text-align: center;\">10.00<\/p>\n<\/td>\n<td width=\"529\">+ Kazimierza Czuperskiego w 14 r. \u015bm., za jego rodzic\u00f3w, te\u015bci\u00f3w i Cr Polkowskich, Zbrze\u017aniak\u00f3w<\/td>\n<\/tr>\n<tr>\n<td colspan=\"2\" width=\"91\">\n<p style=\"text-align: center;\">11.00<\/p>\n<\/td>\n<td width=\"529\">+ Zofi\u0119, J\u00f3zefa Soba\u0144skich (7GR)<\/td>\n<\/tr>\n<tr>\n<td colspan=\"2\" width=\"91\">\n<p style=\"text-align: center;\">12.30<\/p>\n<\/td>\n<td width=\"529\">+ Stanis\u0142awa Jaglaka w 9 r. \u015bm. i jego rodzic\u00f3w Katarzyn\u0119 i Franciszka<br \/>\noraz\u00a0\u00a0zm. z Cr, Ludwik\u0119 i Jana Nowakowskich<\/td>\n<\/tr>\n<tr>\n<td colspan=\"2\" width=\"91\">\n<p style=\"text-align: center;\">18.00<\/p>\n<\/td>\n<td width=\"529\">+ Janin\u0119 K\u0119sik w r. \u015bm. Cr K\u0119sik\u00f3w i Tarnowskich<\/td>\n<\/tr>\n<tr>\n<td colspan=\"3\" width=\"619\">\n<p style=\"text-align: center;\"><strong>Poniedzia\u0142ek<\/strong><br \/>\n8 stycznia 2018<\/p>\n<\/td>\n<\/tr>\n<tr>\n<td colspan=\"3\" width=\"619\"><\/td>\n<\/tr>\n<tr>\n<td width=\"88\">\n<p style=\"text-align: center;\">7.00<\/p>\n<\/td>\n<td colspan=\"2\" width=\"531\">+ Zofi\u0119, J\u00f3zefa Soba\u0144skich (8GR)<\/td>\n<\/tr>\n<tr>\n<td width=\"88\">\n<p style=\"text-align: center;\">8.00<\/p>\n<\/td>\n<td colspan=\"2\" width=\"531\">+ Henryka D\u0105browskiego w 23 r. \u015bm. Regin\u0119, Wies\u0142aw\u0119 D\u0105browskich, Jadwig\u0119, Stanis\u0142awa B\u0142a\u017cewicz\u00f3w<\/td>\n<\/tr>\n<tr>\n<td width=\"88\">\n<p style=\"text-align: center;\">18.00<\/p>\n<\/td>\n<td colspan=\"2\" width=\"531\">+ Halin\u0119, Mieczys\u0142awa, Zdzis\u0142awa Kosim, Monik\u0119, Jana Dynek<\/td>\n<\/tr>\n<tr>\n<td colspan=\"3\" width=\"619\">\n<p style=\"text-align: center;\"><strong>Wtorek\u00a0<\/strong><br \/>\n9 stycznia 2018<\/p>\n<\/td>\n<\/tr>\n<tr>\n<td colspan=\"3\" width=\"619\"><\/td>\n<\/tr>\n<tr>\n<td width=\"88\">\n<p style=\"text-align: center;\">7.00<\/p>\n<\/td>\n<td colspan=\"2\" width=\"531\">&#8211; O Bo\u017ce b\u0142og. oraz opiek\u0119 MB dla \u0141ukasza, Aleksandry, Antosia Str\u0105k<\/td>\n<\/tr>\n<tr>\n<td width=\"88\">\n<p style=\"text-align: center;\">8.00<\/p>\n<\/td>\n<td colspan=\"2\" width=\"531\">+ Zofi\u0119, J\u00f3zefa Soba\u0144skich (9GR)<\/td>\n<\/tr>\n<tr>\n<td width=\"88\">\n<p style=\"text-align: center;\">18.00<\/p>\n<\/td>\n<td colspan=\"2\" width=\"531\">RM<\/td>\n<\/tr>\n<tr>\n<td colspan=\"3\" width=\"619\">\n<p style=\"text-align: center;\"><strong>\u015aroda<\/strong><br \/>\n10 stycznia 2018<\/p>\n<\/td>\n<\/tr>\n<tr>\n<td colspan=\"3\" width=\"619\"><\/td>\n<\/tr>\n<tr>\n<td width=\"88\">\n<p style=\"text-align: center;\">7.00<\/p>\n<\/td>\n<td colspan=\"2\" width=\"531\">+ Stefani\u0119 Sapielak<\/td>\n<\/tr>\n<tr>\n<td width=\"88\">\n<p style=\"text-align: center;\">8.00<\/p>\n<\/td>\n<td colspan=\"2\" width=\"531\">+ Zm. z CR Figauzer\u00f3w oraz o potrzebne \u0142aski i Bo\u017ce b\u0142og. dla \u017cyj\u0105cych z CR Figauzer\u00f3w<\/td>\n<\/tr>\n<tr>\n<td width=\"88\">\n<p style=\"text-align: center;\">17.45<\/p>\n<\/td>\n<td colspan=\"2\" width=\"531\">NOWENNA DO MATKI BO\u017bEJ NIEUSTAJ\u0104CEJ POMOCY<\/td>\n<\/tr>\n<tr>\n<td colspan=\"3\" width=\"619\">\n<p style=\"text-align: center;\"><strong>Czwartek<\/strong><br \/>\n11 stycznia 2018<\/p>\n<\/td>\n<\/tr>\n<tr>\n<td colspan=\"3\" width=\"619\">&nbsp;<\/td>\n<\/tr>\n<tr>\n<td width=\"88\">\n<p style=\"text-align: center;\">7.00<\/p>\n<\/td>\n<td colspan=\"2\" width=\"531\"><\/td>\n<\/tr>\n<tr>\n<td width=\"88\">\n<p style=\"text-align: center;\">8.00<\/p>\n<\/td>\n<td colspan=\"2\" width=\"531\">+ Stanis\u0142awa\u00a0w kolejn\u0105 r. \u015bm<\/td>\n<\/tr>\n<tr>\n<td width=\"88\">\n<p style=\"text-align: center;\">18.00<\/p>\n<\/td>\n<td colspan=\"2\" width=\"531\">+\u00a0Zofi\u0119 I J\u00f3zefa Soba\u0144skich (11 GR)<\/td>\n<\/tr>\n<tr>\n<td colspan=\"3\" width=\"619\">\n<p style=\"text-align: center;\"><strong>Pi\u0105tek<br \/>\n<\/strong>12\u00a0stycznia\u00a02018<\/p>\n<\/td>\n<\/tr>\n<tr>\n<td colspan=\"3\" width=\"619\"><\/td>\n<\/tr>\n<tr>\n<td width=\"88\">\n<p style=\"text-align: center;\">7.00<\/p>\n<\/td>\n<td colspan=\"2\" width=\"531\">+ Leokadi\u0119 Jankowsk\u0105 w 1 r. \u015bm. i Mieczys\u0142awa w 21 r. \u015bm.<\/td>\n<\/tr>\n<tr>\n<td width=\"88\">\n<p style=\"text-align: center;\">8.00<\/p>\n<\/td>\n<td colspan=\"2\" width=\"531\">+ Zofi\u0119, J\u00f3zefa Soba\u0144skich (12GR)<\/td>\n<\/tr>\n<tr>\n<td width=\"88\">\n<p style=\"text-align: center;\">18.00<\/p>\n<\/td>\n<td colspan=\"2\" width=\"531\">+ Witolda Krzewi\u0144skiego i jego rodzic\u00f3w Juliann\u0119 i Jana Krzewi\u0144skich<\/td>\n<\/tr>\n<tr>\n<td colspan=\"3\" width=\"619\">\n<p style=\"text-align: center;\"><strong>Sobota<\/strong><br \/>\n13 stycznia 2018<\/p>\n<\/td>\n<\/tr>\n<tr>\n<td colspan=\"3\" width=\"619\"><\/td>\n<\/tr>\n<tr>\n<td width=\"88\">\n<p style=\"text-align: center;\">7.00<\/p>\n<\/td>\n<td colspan=\"2\" width=\"531\">+ Agat\u0119 Bawor w 4 r. \u015bm. , Zdzis\u0142awa Czaj\u0119, Prokopowicza.<\/td>\n<\/tr>\n<tr>\n<td width=\"88\">\n<p style=\"text-align: center;\">8.00<\/p>\n<\/td>\n<td colspan=\"2\" width=\"531\">\u015aw. Micha\u0142 Archanio\u0142<\/td>\n<\/tr>\n<tr>\n<td width=\"88\">\n<p style=\"text-align: center;\">18.00<\/p>\n<\/td>\n<td colspan=\"2\" width=\"531\">+\u00a0Zofi\u0119 I J\u00f3zefa Soba\u0144skich (13 GR)<\/td>\n<\/tr>\n<\/tbody>\n<\/table>\n","protected":false},"excerpt":{"rendered":"<p>Niedziela Chrztu Pa\u0144skiego 7 stycznia 2018 7.00 Dz.-b\u0142ag za \u0142ask\u0119\u00a0\u00a0uzdrowienia z choroby nowotworowej\u00a0\u00a0Ewy 8.30 + Mariann\u0119, Janusza Malenta, Wac\u0142awa Oleszczuka, Cr Ko\u0144k\u00f3w, Malent\u00f3w, Mate\u0144k\u00f3w, Oleszczuk\u00f3w 10.00 + Kazimierza Czuperskiego w 14 r. \u015bm., za jego rodzic\u00f3w, te\u015bci\u00f3w i Cr Polkowskich, Zbrze\u017aniak\u00f3w 11.00 + Zofi\u0119, J\u00f3zefa Soba\u0144skich (7GR) 12.30 + Stanis\u0142awa Jaglaka w 9 r. \u015bm. [&hellip;]<\/p>\n","protected":false},"author":1,"featured_media":0,"comment_status":"closed","ping_status":"open","sticky":false,"template":"","format":"standard","meta":{"ngg_post_thumbnail":0,"footnotes":""},"categories":[6],"tags":[],"class_list":["post-1058","post","type-post","status-publish","format-standard","hentry","category-intencje-mszalne"],"_links":{"self":[{"href":"https:\/\/mbloretanska.pl\/index.php?rest_route=\/wp\/v2\/posts\/1058","targetHints":{"allow":["GET"]}}],"collection":[{"href":"https:\/\/mbloretanska.pl\/index.php?rest_route=\/wp\/v2\/posts"}],"about":[{"href":"https:\/\/mbloretanska.pl\/index.php?rest_route=\/wp\/v2\/types\/post"}],"author":[{"embeddable":true,"href":"https:\/\/mbloretanska.pl\/index.php?rest_route=\/wp\/v2\/users\/1"}],"replies":[{"embeddable":true,"href":"https:\/\/mbloretanska.pl\/index.php?rest_route=%2Fwp%2Fv2%2Fcomments&post=1058"}],"version-history":[{"count":1,"href":"https:\/\/mbloretanska.pl\/index.php?rest_route=\/wp\/v2\/posts\/1058\/revisions"}],"predecessor-version":[{"id":1059,"href":"https:\/\/mbloretanska.pl\/index.php?rest_route=\/wp\/v2\/posts\/1058\/revisions\/1059"}],"wp:attachment":[{"href":"https:\/\/mbloretanska.pl\/index.php?rest_route=%2Fwp%2Fv2%2Fmedia&parent=1058"}],"wp:term":[{"taxonomy":"category","embeddable":true,"href":"https:\/\/mbloretanska.pl\/index.php?rest_route=%2Fwp%2Fv2%2Fcategories&post=1058"},{"taxonomy":"post_tag","embeddable":true,"href":"https:\/\/mbloretanska.pl\/index.php?rest_route=%2Fwp%2Fv2%2Ftags&post=1058"}],"curies":[{"name":"wp","href":"https:\/\/api.w.org\/{rel}","templated":true}]}}