{"id":1056,"date":"2017-12-30T19:20:55","date_gmt":"2017-12-30T18:20:55","guid":{"rendered":"http:\/\/mbloretanska.pl\/?p=1056"},"modified":"2017-12-30T19:20:55","modified_gmt":"2017-12-30T18:20:55","slug":"intencje-mszalne-31-12-17-06-01-18","status":"publish","type":"post","link":"https:\/\/mbloretanska.pl\/?p=1056","title":{"rendered":"INTENCJE MSZALNE 31.12.17-06.01.18"},"content":{"rendered":"<table>\n<tbody>\n<tr>\n<td colspan=\"3\" width=\"619\">\n<p style=\"text-align: center;\"><strong>Niedziela \u015awi\u0119tej rodziny<br \/>\n<\/strong>31 grudnia 2017<\/p>\n<\/td>\n<\/tr>\n<tr>\n<td colspan=\"3\" width=\"619\">&nbsp;<\/td>\n<\/tr>\n<tr>\n<td colspan=\"2\" width=\"91\">\n<p style=\"text-align: center;\">7.00<\/p>\n<\/td>\n<td width=\"529\">+ Antoniego Knurka, Jakuba Kurpiela<\/td>\n<\/tr>\n<tr>\n<td colspan=\"2\" width=\"91\">\n<p style=\"text-align: center;\">8.30<\/p>\n<\/td>\n<td width=\"529\">+ Edmunda, Andrzeja, J\u00f3zef\u0119 Kr\u0119\u017clewicz\u00f3w, Boles\u0142awa, Franciszka, Katarzyn\u0119 wnuk\u00f3w, rodzic\u00f3w Jana i Karolin\u0119\u00a0Boruch\u00f3w<\/td>\n<\/tr>\n<tr>\n<td colspan=\"2\" width=\"91\">\n<p style=\"text-align: center;\">10.00<\/p>\n<\/td>\n<td width=\"529\">Dzi\u0119kczynna o Bo\u017ce b\u0142og. w 14 r. \u015blubu Ma\u0142gorzaty i Piotra i ich rodziny<br \/>\noraz w intencji Bogu wiadomej<\/td>\n<\/tr>\n<tr>\n<td colspan=\"2\" width=\"91\">\n<p style=\"text-align: center;\">11.00<\/p>\n<\/td>\n<td width=\"529\">+ Stanis\u0142aw\u0119, Barbar\u0119 \u015apiewakowskich, Cr Pi\u00f3rkowskich<\/td>\n<\/tr>\n<tr>\n<td colspan=\"2\" width=\"91\">\n<p style=\"text-align: center;\">12.30<\/p>\n<\/td>\n<td width=\"529\">+ Aleksandra Marczaka w 40 r. \u015bm.<\/td>\n<\/tr>\n<tr>\n<td colspan=\"2\" width=\"91\">\n<p style=\"text-align: center;\">18.00<\/p>\n<\/td>\n<td width=\"529\">&#8211; za Parafian<\/p>\n<p>+ Bo\u017cen\u0119 Barowicz w rocznic\u0119 urodzin<\/td>\n<\/tr>\n<tr>\n<td colspan=\"3\" width=\"619\">\n<p style=\"text-align: center;\"><strong>Poniedzia\u0142ek<br \/>\n<\/strong>1 stycznia 2018<\/p>\n<\/td>\n<\/tr>\n<tr>\n<td colspan=\"3\" width=\"619\">&nbsp;<\/td>\n<\/tr>\n<tr>\n<td width=\"88\">\n<p style=\"text-align: center;\">7.00<\/p>\n<\/td>\n<td colspan=\"2\" width=\"531\">Za Parafian<\/td>\n<\/tr>\n<tr>\n<td width=\"88\">\n<p style=\"text-align: center;\">8.30<\/p>\n<\/td>\n<td colspan=\"2\" width=\"531\">+ Tadeusza So\u015bnierz w 2 r. \u015bm.<\/td>\n<\/tr>\n<tr>\n<td width=\"88\">\n<p style=\"text-align: center;\">10.00<\/p>\n<\/td>\n<td colspan=\"2\" width=\"531\">+ Mieczys\u0142awa Nowackiego<\/td>\n<\/tr>\n<tr>\n<td width=\"88\">\n<p style=\"text-align: center;\">11.00<\/p>\n<\/td>\n<td colspan=\"2\" width=\"531\">+ Piotra Kupiec w 12 r. \u015bm, Czes\u0142awa, Bronis\u0142awa, W\u0142adys\u0142awa, Teres\u0119, Genowef\u0119, Czes\u0142aw\u0119<\/td>\n<\/tr>\n<tr>\n<td width=\"88\">\n<p style=\"text-align: center;\">12.30<\/p>\n<\/td>\n<td colspan=\"2\" width=\"531\">+ Zofi\u0119 I J\u00f3zefa Soba\u0144skich (1 GR)<\/td>\n<\/tr>\n<tr>\n<td width=\"88\">\n<p style=\"text-align: center;\">18.00<\/p>\n<\/td>\n<td colspan=\"2\" width=\"531\">+Genowef\u0119, Micha\u0142a, Iren\u0119 Ludwickich<\/td>\n<\/tr>\n<tr>\n<td colspan=\"3\" width=\"619\">\n<p style=\"text-align: center;\"><strong>Wtorek<br \/>\n<\/strong>2 stycznia 2018<\/p>\n<\/td>\n<\/tr>\n<tr>\n<td colspan=\"3\" width=\"619\">&nbsp;<\/td>\n<\/tr>\n<tr>\n<td width=\"88\">\n<p style=\"text-align: center;\">7.00<\/p>\n<\/td>\n<td colspan=\"2\" width=\"531\">&#8211; O Bo\u017ce b\u0142og. oraz Dary Ducha \u015awi\u0119tego dla Luizy i Macieja a tak\u017ce ich\u00a0dzieci<br \/>\ni CR<\/td>\n<\/tr>\n<tr>\n<td width=\"88\">\n<p style=\"text-align: center;\">8.00<\/p>\n<\/td>\n<td colspan=\"2\" width=\"531\">+ Alicj\u0119 Frydrych (intencja od wdzi\u0119cznych s\u0105siad\u00f3w z ul. Jagielo\u0144skiej 62)<\/td>\n<\/tr>\n<tr>\n<td width=\"88\">\n<p style=\"text-align: center;\">18.00<\/p>\n<\/td>\n<td colspan=\"2\" width=\"531\">+ Zofi\u0119 I J\u00f3zefa Soba\u0144skich (2 GR)<\/td>\n<\/tr>\n<tr>\n<td colspan=\"3\" width=\"619\">\n<p style=\"text-align: center;\"><strong>\u015aroda<\/strong><br \/>\n3 stycznia 2018<\/p>\n<\/td>\n<\/tr>\n<tr>\n<td colspan=\"3\" width=\"619\">&nbsp;<\/td>\n<\/tr>\n<tr>\n<td width=\"88\">\n<p style=\"text-align: center;\">7.00<\/p>\n<\/td>\n<td colspan=\"2\" width=\"531\">+ Hann\u0119 St\u0119pkowsk\u0105<\/td>\n<\/tr>\n<tr>\n<td width=\"88\">\n<p style=\"text-align: center;\">8.00<\/p>\n<\/td>\n<td colspan=\"2\" width=\"531\">\u00a0+\u00a0Dzi\u0119kczynna o Bo\u017ce b\u0142og. w rocznic\u0119 \u015blubu Ma\u0142gorzaty i Piotra oraz w intencji Bogu wiadomej<\/td>\n<\/tr>\n<tr>\n<td width=\"88\">\n<p style=\"text-align: center;\">17.45<\/p>\n<\/td>\n<td colspan=\"2\" width=\"531\">NOWENNA DO MATKI BO\u017bEJ NIEUSTAJ\u0104CEJ POMOCY<\/td>\n<\/tr>\n<tr>\n<td colspan=\"3\" width=\"619\">\n<p style=\"text-align: center;\"><strong>Czwartek<br \/>\n<\/strong>4 stycznia 2018<\/p>\n<\/td>\n<\/tr>\n<tr>\n<td colspan=\"3\" width=\"619\">&nbsp;<\/td>\n<\/tr>\n<tr>\n<td width=\"88\">\n<p style=\"text-align: center;\">7.00<\/p>\n<\/td>\n<td colspan=\"2\" width=\"531\"><\/td>\n<\/tr>\n<tr>\n<td width=\"88\">\n<p style=\"text-align: center;\">8.00<\/p>\n<\/td>\n<td colspan=\"2\" width=\"531\">+ Monik\u0119 w 72 r. \u015bm. Czes\u0142awa, Tadeusza K\u0142osowskich<\/td>\n<\/tr>\n<tr>\n<td width=\"88\">\n<p style=\"text-align: center;\">18.00<\/p>\n<\/td>\n<td colspan=\"2\" width=\"531\">+\u00a0Zofi\u0119 I J\u00f3zefa Soba\u0144skich (4 GR)<\/td>\n<\/tr>\n<tr>\n<td colspan=\"3\" width=\"619\">\n<p style=\"text-align: center;\"><strong>Pi\u0105tek <\/strong><br \/>\n5\u00a0stycznia\u00a02018<\/p>\n<\/td>\n<\/tr>\n<tr>\n<td colspan=\"3\" width=\"619\">&nbsp;<\/td>\n<\/tr>\n<tr>\n<td width=\"88\">\n<p style=\"text-align: center;\">7.00<\/p>\n<\/td>\n<td colspan=\"2\" width=\"531\">+\u00a0Zofi\u0119 I J\u00f3zefa Soba\u0144skich (5 GR)<\/td>\n<\/tr>\n<tr>\n<td width=\"88\">\n<p style=\"text-align: center;\">8.00<\/p>\n<\/td>\n<td colspan=\"2\" width=\"531\">\u017bywy R\u00f3\u017caniec\u00a0i Legion Maryi<\/td>\n<\/tr>\n<tr>\n<td width=\"88\">\n<p style=\"text-align: center;\">18.00<\/p>\n<\/td>\n<td colspan=\"2\" width=\"531\">R.<\/td>\n<\/tr>\n<tr>\n<td colspan=\"3\" width=\"619\">\n<p style=\"text-align: center;\"><strong>Sobota<br \/>\n<\/strong>6 stycznia 2018<\/p>\n<\/td>\n<\/tr>\n<tr>\n<td colspan=\"3\" width=\"619\">&nbsp;<\/td>\n<\/tr>\n<tr>\n<td width=\"88\">\n<p style=\"text-align: center;\">7.00<\/p>\n<\/td>\n<td colspan=\"2\" width=\"531\">+ Marka Kasperczyka w 1 r. \u015bm.<\/td>\n<\/tr>\n<tr>\n<td width=\"88\">\n<p style=\"text-align: center;\">8.30<\/p>\n<\/td>\n<td colspan=\"2\" width=\"531\">+ Adama Strzelczyka, Stanis\u0142awa Szarejko, rodzic\u00f3w Leokadi\u0119, Stanis\u0142awa, Ameli\u0119, Kazimierza<\/td>\n<\/tr>\n<tr>\n<td width=\"88\">\n<p style=\"text-align: center;\">10.00<\/p>\n<\/td>\n<td colspan=\"2\" width=\"531\">+ Krzysztofa Paca w 7 r. \u015bm.<\/td>\n<\/tr>\n<tr>\n<td width=\"88\">\n<p style=\"text-align: center;\">11.00<\/p>\n<\/td>\n<td colspan=\"2\" width=\"531\">+ Ryszarda Pier\u015bcieniak w 3 r. \u015bm., Ew\u0119 Pier\u015bcieniak<\/td>\n<\/tr>\n<tr>\n<td width=\"88\">\n<p style=\"text-align: center;\">12.30<\/p>\n<\/td>\n<td colspan=\"2\" width=\"531\">+\u00a0Zofi\u0119 I J\u00f3zefa Soba\u0144skich (5 GR)<\/td>\n<\/tr>\n<tr>\n<td width=\"88\">\n<p style=\"text-align: center;\">18.00<\/p>\n<\/td>\n<td colspan=\"2\" width=\"531\">+ Stanis\u0142awa Nachy\u0142\u0119 w 6 r. \u015bm. , CR Marsza\u0142k\u00f3w, Eugeniusza, Feliks\u0119, Bogus\u0142aw\u0119, Ireneusza , Ew\u0119 oraz Czes\u0142awa\u00a0\u00a0Maja<\/td>\n<\/tr>\n<\/tbody>\n<\/table>\n","protected":false},"excerpt":{"rendered":"<p>Niedziela \u015awi\u0119tej rodziny 31 grudnia 2017 &nbsp; 7.00 + Antoniego Knurka, Jakuba Kurpiela 8.30 + Edmunda, Andrzeja, J\u00f3zef\u0119 Kr\u0119\u017clewicz\u00f3w, Boles\u0142awa, Franciszka, Katarzyn\u0119 wnuk\u00f3w, rodzic\u00f3w Jana i Karolin\u0119\u00a0Boruch\u00f3w 10.00 Dzi\u0119kczynna o Bo\u017ce b\u0142og. w 14 r. \u015blubu Ma\u0142gorzaty i Piotra i ich rodziny oraz w intencji Bogu wiadomej 11.00 + Stanis\u0142aw\u0119, Barbar\u0119 \u015apiewakowskich, Cr Pi\u00f3rkowskich 12.30 [&hellip;]<\/p>\n","protected":false},"author":1,"featured_media":0,"comment_status":"closed","ping_status":"open","sticky":false,"template":"","format":"standard","meta":{"ngg_post_thumbnail":0,"footnotes":""},"categories":[6],"tags":[],"class_list":["post-1056","post","type-post","status-publish","format-standard","hentry","category-intencje-mszalne"],"_links":{"self":[{"href":"https:\/\/mbloretanska.pl\/index.php?rest_route=\/wp\/v2\/posts\/1056","targetHints":{"allow":["GET"]}}],"collection":[{"href":"https:\/\/mbloretanska.pl\/index.php?rest_route=\/wp\/v2\/posts"}],"about":[{"href":"https:\/\/mbloretanska.pl\/index.php?rest_route=\/wp\/v2\/types\/post"}],"author":[{"embeddable":true,"href":"https:\/\/mbloretanska.pl\/index.php?rest_route=\/wp\/v2\/users\/1"}],"replies":[{"embeddable":true,"href":"https:\/\/mbloretanska.pl\/index.php?rest_route=%2Fwp%2Fv2%2Fcomments&post=1056"}],"version-history":[{"count":1,"href":"https:\/\/mbloretanska.pl\/index.php?rest_route=\/wp\/v2\/posts\/1056\/revisions"}],"predecessor-version":[{"id":1057,"href":"https:\/\/mbloretanska.pl\/index.php?rest_route=\/wp\/v2\/posts\/1056\/revisions\/1057"}],"wp:attachment":[{"href":"https:\/\/mbloretanska.pl\/index.php?rest_route=%2Fwp%2Fv2%2Fmedia&parent=1056"}],"wp:term":[{"taxonomy":"category","embeddable":true,"href":"https:\/\/mbloretanska.pl\/index.php?rest_route=%2Fwp%2Fv2%2Fcategories&post=1056"},{"taxonomy":"post_tag","embeddable":true,"href":"https:\/\/mbloretanska.pl\/index.php?rest_route=%2Fwp%2Fv2%2Ftags&post=1056"}],"curies":[{"name":"wp","href":"https:\/\/api.w.org\/{rel}","templated":true}]}}