{"id":1028,"date":"2017-12-23T22:57:08","date_gmt":"2017-12-23T21:57:08","guid":{"rendered":"http:\/\/mbloretanska.pl\/?p=1028"},"modified":"2017-12-23T23:13:56","modified_gmt":"2017-12-23T22:13:56","slug":"1028","status":"publish","type":"post","link":"https:\/\/mbloretanska.pl\/?p=1028","title":{"rendered":"INTENCJE MSZALNE 24.12-30.12.2017"},"content":{"rendered":"<table border=\"1\" width=\"755\" cellspacing=\"0\" cellpadding=\"0\">\n<tbody>\n<tr>\n<td colspan=\"2\" width=\"755\">\n<p align=\"center\">\u00a0<span style=\"font-family: Berylium; font-size: large;\"><b>4 Niedziela Adwentu<br \/>\n<\/b><\/span><span style=\"font-family: Andalus, serif; font-size: large;\">24 grudnia 2017<\/span><\/p>\n<\/td>\n<\/tr>\n<tr>\n<td width=\"113\">\n<p style=\"text-align: center;\"><span style=\"font-family: Andalus, serif; font-size: x-large;\">7.00<\/span><\/p>\n<\/td>\n<td width=\"641\">\n<p align=\"left\"><span style=\"font-family: 'Century Gothic', sans-serif;\">+ Adama Poszwi\u0144skiego<\/span><\/p>\n<\/td>\n<\/tr>\n<tr>\n<td width=\"113\">\n<p style=\"text-align: center;\"><span style=\"font-family: Andalus, serif; font-size: x-large;\">8.30<\/span><\/p>\n<\/td>\n<td width=\"641\">\n<p align=\"left\"><span style=\"font-family: 'Century Gothic', sans-serif;\">+ Iren\u0119 w 6 r. \u015bm. i Zygmunta w 8 r. \u015bm CR Wieczork\u00f3w i Gray<\/span><\/p>\n<\/td>\n<\/tr>\n<tr>\n<td width=\"113\">\n<p style=\"text-align: center;\"><span style=\"font-family: Andalus, serif; font-size: x-large;\">10.00<\/span><\/p>\n<\/td>\n<td width=\"641\">\n<p align=\"left\"><span style=\"font-family: 'Century Gothic', sans-serif;\">+ Kazimier\u0119 i Stanis\u0142awa Rykowskich<\/span><\/p>\n<\/td>\n<\/tr>\n<tr>\n<td width=\"113\">\n<p style=\"text-align: center;\"><span style=\"font-family: Andalus, serif; font-size: x-large;\">11.00<\/span><\/p>\n<\/td>\n<td width=\"641\">\n<p align=\"left\"><span style=\"font-family: 'Century Gothic', sans-serif;\">+ Konrada Maliszewskiego w 7 r. \u015bm.<\/span><\/p>\n<\/td>\n<\/tr>\n<tr>\n<td width=\"113\">\n<p style=\"text-align: center;\"><span style=\"font-family: Andalus, serif; font-size: x-large;\">12.30<\/span><\/p>\n<\/td>\n<td width=\"641\">\n<p align=\"left\"><span style=\"font-family: 'Century Gothic', sans-serif;\"><b>+<\/b><\/span><span style=\"font-family: 'Century Gothic', sans-serif;\">\u00a0Andrzeja Zaborowskiego (24 GR)<\/span><\/p>\n<\/td>\n<\/tr>\n<\/tbody>\n<\/table>\n<div><\/div>\n<table border=\"1\" width=\"755\" cellspacing=\"0\" cellpadding=\"0\">\n<tbody>\n<tr>\n<td colspan=\"2\" width=\"755\">\n<p align=\"center\"><strong>\u00a0<span style=\"font-family: Berylium; font-size: large;\">Bo\u017ce Narodzenie<\/span><\/strong><\/p>\n<p align=\"center\"><span style=\"font-family: Andalus, serif; font-size: large;\">25 grudnia 2017<\/span><\/p>\n<\/td>\n<\/tr>\n<tr>\n<td width=\"113\">\n<p align=\"center\">\u00a0<span style=\"font-family: Andalus, serif; font-size: x-large;\">24.00<br \/>\n<\/span><\/p>\n<\/td>\n<td width=\"641\">\n<div align=\"left\"><span style=\"font-family: 'Century Gothic', sans-serif;\">Pasterka w intencji Parafian<\/span><\/div>\n<\/td>\n<\/tr>\n<tr>\n<td width=\"113\">\n<div align=\"center\">\u00a0<span style=\"font-family: Andalus, serif; font-size: x-large;\">8.30<\/span><\/div>\n<\/td>\n<td width=\"641\">\n<div align=\"left\"><span style=\"font-family: 'Century Gothic', sans-serif;\">+Karola Stanaszka<\/span><\/div>\n<\/td>\n<\/tr>\n<tr>\n<td width=\"113\">\n<div align=\"center\"><span style=\"font-family: Andalus, serif; font-size: x-large;\">10.00<br \/>\n<\/span><\/div>\n<\/td>\n<td width=\"641\">\n<div align=\"left\"><span style=\"font-family: 'Century Gothic', sans-serif;\">&#8211; Dz.-b\u0142ag. w intencji Marianny i Stanis\u0142awa Figat z pro\u015bb\u0105 o potrzebne \u0142aski, Bo\u017ce b\u0142og., opiek\u0119 Matki Bo\u017cej dla jubilat\u00f3w i CR<\/span><\/div>\n<\/td>\n<\/tr>\n<tr>\n<td width=\"113\">\n<div align=\"center\">\u00a0<span style=\"font-family: Andalus, serif; font-size: x-large;\">11.00<br \/>\n<\/span><\/div>\n<\/td>\n<td width=\"641\">\n<div align=\"left\"><span style=\"font-family: 'Century Gothic', sans-serif;\">+ Tadeusza Cie\u015blaka w 16 r. \u015bm., Juliann\u0119 i J\u00f3zefa Cie\u015blak<\/span><\/div>\n<\/td>\n<\/tr>\n<tr>\n<td width=\"113\">\n<div align=\"center\">\u00a0<span style=\"font-family: Andalus, serif; font-size: x-large;\">12.30<br \/>\n<\/span><\/div>\n<\/td>\n<td width=\"641\">\n<div align=\"left\"><\/div>\n<div><\/div>\n<div><\/div>\n<\/td>\n<\/tr>\n<tr>\n<td width=\"113\">\n<div style=\"text-align: center;\"><span style=\"font-family: Andalus, serif; font-size: x-large;\">18.00<br \/>\n<\/span><\/div>\n<\/td>\n<td width=\"641\">\n<div align=\"left\"><\/div>\n<div><span style=\"font-family: 'Century Gothic', sans-serif;\">+ Andrzeja Zaborowskiego (25GR)<br \/>\n<\/span><\/div>\n<div><\/div>\n<\/td>\n<\/tr>\n<\/tbody>\n<\/table>\n<div><\/div>\n<table border=\"1\" width=\"755\" cellspacing=\"0\" cellpadding=\"0\">\n<tbody>\n<tr>\n<td colspan=\"2\" width=\"755\">\n<div style=\"text-align: center;\" align=\"center\"><strong>\u00a0<\/strong><span style=\"font-family: Andalus, serif; font-size: large;\"><strong>Wtorek<\/strong><br \/>\n<\/span><span style=\"font-family: Andalus, serif; font-size: large;\">26 grudnia 2017<\/span><\/div>\n<\/td>\n<\/tr>\n<tr>\n<td width=\"113\">\n<div align=\"center\">\u00a0<span style=\"font-family: Andalus, serif; font-size: x-large;\">7.00<br \/>\n<\/span><\/div>\n<\/td>\n<td width=\"641\">\n<div align=\"left\"><span style=\"font-family: 'Century Gothic', sans-serif;\">+ Mariana w 17 r. \u015bm, Antonin\u0119 i W\u0142adys\u0142awa<\/span><\/div>\n<\/td>\n<\/tr>\n<tr>\n<td width=\"113\">\n<div align=\"center\">\u00a0<span style=\"font-family: Andalus, serif; font-size: x-large;\">8.30<\/span><\/div>\n<\/td>\n<td width=\"641\">\n<div align=\"left\"><span style=\"font-family: 'Century Gothic', sans-serif;\">+ Franciszka Nosal<\/span><\/div>\n<\/td>\n<\/tr>\n<tr>\n<td width=\"113\">\n<div align=\"center\">\u00a0<span style=\"font-family: Andalus, serif; font-size: x-large;\">10.00<br \/>\n<\/span><\/div>\n<\/td>\n<td width=\"641\">\n<div align=\"left\">R<\/div>\n<\/td>\n<\/tr>\n<tr>\n<td width=\"113\">\n<div align=\"center\"><span style=\"font-family: Andalus, serif; font-size: x-large;\">11.00<\/span><\/div>\n<\/td>\n<td width=\"641\">\n<div align=\"left\"><span style=\"font-family: 'Century Gothic', sans-serif;\">+ Miros\u0142awa Goca\u0142a w 10 r. \u015bm.<\/span><\/div>\n<\/td>\n<\/tr>\n<tr>\n<td width=\"113\">\n<div align=\"center\"><span style=\"font-family: Andalus, serif; font-size: x-large;\">12.30<\/span><\/div>\n<\/td>\n<td width=\"641\">\n<div align=\"left\"><\/div>\n<div><span style=\"font-family: 'Century Gothic', sans-serif;\">Dz.-b\u0142ag. w intencji Anny i W\u0142adys\u0142awa Owsianko w 60 r. \u015blubu z pro\u015bb\u0105 o potrzebne \u0142aski, Bo\u017ce b\u0142og., opiek\u0119 Matki Bo\u017cej dla jubilat\u00f3w i CR<br \/>\n<\/span><\/div>\n<div><\/div>\n<div align=\"left\"><span style=\"font-family: 'Century Gothic', sans-serif;\">+Andrzeja Zaborowskiego (26GR)<\/span><\/div>\n<\/td>\n<\/tr>\n<tr>\n<td width=\"113\">\n<div style=\"text-align: center;\"><span style=\"font-family: Andalus, serif; font-size: x-large;\">18.00<\/span><\/div>\n<\/td>\n<td width=\"641\">\n<div align=\"left\"><\/div>\n<div><span style=\"font-family: 'Century Gothic', sans-serif;\">R<br \/>\n<\/span><\/div>\n<div><\/div>\n<\/td>\n<\/tr>\n<\/tbody>\n<\/table>\n<div><\/div>\n<table border=\"1\" width=\"755\" cellspacing=\"0\" cellpadding=\"0\">\n<tbody>\n<tr>\n<td colspan=\"2\" valign=\"top\" width=\"755\">\n<div align=\"center\"><span style=\"font-size: large;\"><b>\u015aroda<br \/>\n<\/b><\/span><span style=\"font-size: large;\">27 grudnia\u00a0<\/span><span style=\"font-family: Andalus, serif; font-size: large;\">2017<\/span><\/div>\n<\/td>\n<\/tr>\n<tr>\n<td width=\"109\">\n<div align=\"center\">\u00a0<span style=\"font-family: Andalus, serif; font-size: x-large;\">7.00<br \/>\n<\/span><\/div>\n<\/td>\n<td width=\"646\">\n<div align=\"left\"><span style=\"font-family: 'Century Gothic', sans-serif;\">+ Joann\u0119 Martynowicz w 1 r. \u015bm, Zmar\u0142ych z rodziny St\u0119pni\u00f3w: Henryk\u0119, Kazimierza, Bernarda i Gra\u017cyn\u0119<\/span><\/div>\n<\/td>\n<\/tr>\n<tr>\n<td width=\"109\">\n<div align=\"center\"><span style=\"font-family: Andalus, serif; font-size: x-large;\">8.00<br \/>\n<\/span><\/div>\n<\/td>\n<td width=\"646\">\n<div align=\"left\"><span style=\"font-family: 'Century Gothic', sans-serif;\">+ Andrzeja Zaborowskiego (27GR)<\/span><\/div>\n<\/td>\n<\/tr>\n<tr>\n<td width=\"109\">\n<div align=\"center\">\u00a0<span style=\"font-family: Andalus, serif; font-size: x-large;\">17.45<\/span><\/div>\n<\/td>\n<td width=\"646\">\n<div align=\"left\"><\/div>\n<div><span style=\"font-family: Andalus, serif;\">NOWENNA DO MATKI BO<\/span>\u017b<span style=\"font-family: Andalus, serif;\">EJ NIEUSTAJ<\/span>\u0104<span style=\"font-family: Andalus, serif;\">CEJ POMOCY I MSZA\u00a0<\/span>\u015a<span style=\"font-family: Andalus, serif;\">WI<\/span>\u0118TA<span style=\"font-family: Andalus, serif;\"><br \/>\n<\/span><\/div>\n<div><\/div>\n<\/td>\n<\/tr>\n<\/tbody>\n<\/table>\n<div><\/div>\n<table border=\"1\" width=\"755\" cellspacing=\"0\" cellpadding=\"0\">\n<tbody>\n<tr>\n<td colspan=\"2\" valign=\"top\" width=\"755\">\n<p style=\"text-align: center;\" align=\"center\"><span style=\"font-size: large;\"><b>Czwartek<br \/>\n<\/b><\/span><span style=\"font-size: large;\">28 grudnia\u00a0<\/span><span style=\"font-family: Andalus, serif; font-size: large;\">\u00a0<\/span><span style=\"font-family: Andalus, serif; font-size: large;\">2017<\/span><\/p>\n<\/td>\n<\/tr>\n<tr>\n<td width=\"109\">\n<div align=\"center\">\u00a0<span style=\"font-family: Andalus, serif; font-size: x-large;\">7.00<br \/>\n<\/span><\/div>\n<\/td>\n<td width=\"645\">\n<div align=\"left\"><\/div>\n<div><span style=\"font-family: 'Century Gothic', sans-serif;\">+ Rodzic\u00f3w Janin\u0119 i Szczepana Goleckich<br \/>\n<\/span><\/div>\n<div><\/div>\n<div align=\"left\"><span style=\"font-family: 'Century Gothic', sans-serif;\">(intencja od syna Macieja)<\/span><\/div>\n<\/td>\n<\/tr>\n<tr>\n<td width=\"109\">\n<div align=\"center\">\u00a0<span style=\"font-family: Andalus, serif; font-size: x-large;\">8.00<br \/>\n<\/span><\/div>\n<\/td>\n<td width=\"645\">\n<div align=\"left\"><span style=\"font-family: 'Century Gothic', sans-serif;\">+ Rodzic\u00f3w Janin\u0119 w 18 i Jana Kazior<\/span><\/div>\n<\/td>\n<\/tr>\n<tr>\n<td width=\"109\">\n<div align=\"center\">\u00a0<span style=\"font-family: Andalus, serif; font-size: x-large;\">18.00<\/span><\/div>\n<\/td>\n<td width=\"645\">\n<div align=\"left\"><span style=\"font-family: 'Century Gothic', sans-serif;\">+<\/span><span style=\"font-family: 'Century Gothic', sans-serif;\">\u00a0Andrzeja Zaborowskiego (28GR)<\/span><\/div>\n<\/td>\n<\/tr>\n<\/tbody>\n<\/table>\n<div><\/div>\n<table border=\"1\" width=\"755\" cellspacing=\"0\" cellpadding=\"0\">\n<tbody>\n<tr>\n<td style=\"text-align: center;\" colspan=\"2\" width=\"755\">\n<p style=\"text-align: center;\"><span style=\"font-size: large;\"><b>Pi\u0105tek<br \/>\n<\/b><\/span><span style=\"font-size: large;\">29 grudnia<\/span><span style=\"font-family: Andalus, serif; font-size: large;\">\u00a02017<\/span><\/p>\n<\/td>\n<\/tr>\n<tr>\n<td width=\"109\">\n<div style=\"text-align: center;\"><span style=\"font-family: Andalus, serif; font-size: x-large;\">7.00<br \/>\n<\/span><\/div>\n<\/td>\n<td width=\"645\">\n<div align=\"left\"><span style=\"font-family: 'Century Gothic', sans-serif;\">+ Zygmunta Rogalskiego Cr Rogalskich i Zgadzajskich<\/span><\/div>\n<\/td>\n<\/tr>\n<tr>\n<td width=\"109\">\n<div align=\"center\">\u00a0<span style=\"font-family: Andalus, serif; font-size: x-large;\">8.00<br \/>\n<\/span><\/div>\n<\/td>\n<td width=\"645\">\n<div><\/div>\n<div><span style=\"font-family: 'Century Gothic', sans-serif;\">+ Krzysztofa Jab\u0142o\u0144skiego w 8 r. \u015bm.<\/span><\/div>\n<div><\/div>\n<\/td>\n<\/tr>\n<tr>\n<td width=\"109\">\n<div align=\"center\">\u00a0<span style=\"font-family: Andalus, serif; font-size: x-large;\">18.00<br \/>\n<\/span><\/div>\n<\/td>\n<td width=\"645\">\n<div align=\"left\"><span style=\"font-family: 'Century Gothic', sans-serif;\">+ Andrzeja Zaborowskiego (29GR)<\/span><\/div>\n<\/td>\n<\/tr>\n<\/tbody>\n<\/table>\n<p>&nbsp;<\/p>\n<table border=\"1\" width=\"755\" cellspacing=\"0\" cellpadding=\"0\">\n<tbody>\n<tr>\n<td colspan=\"2\" valign=\"top\" width=\"755\">\n<p style=\"text-align: center;\" align=\"center\"><span style=\"font-size: large;\"><b>Sobota<\/b><\/span><\/p>\n<p style=\"text-align: center;\" align=\"center\"><span style=\"font-size: large;\">30 grudnia\u00a0<\/span><span style=\"font-family: Andalus, serif; font-size: large;\">2017<\/span><i><\/i><\/p>\n<\/td>\n<\/tr>\n<tr>\n<td width=\"111\">\n<div align=\"center\">\u00a0<span style=\"font-family: Andalus, serif; font-size: x-large;\">7.00<\/span><\/div>\n<\/td>\n<td width=\"643\">\n<div align=\"left\"><span style=\"font-family: 'Century Gothic', sans-serif;\">+ Andrzeja Zaborowskiego (30 \u2013 ostatnia GR)<\/span><\/div>\n<\/td>\n<\/tr>\n<tr>\n<td width=\"111\">\n<div align=\"center\">\u00a0<span style=\"font-family: Andalus, serif; font-size: x-large;\">8.00<br \/>\n<\/span><\/div>\n<\/td>\n<td width=\"643\">\n<div align=\"left\"><span style=\"font-family: 'Century Gothic', sans-serif;\">+ Zbigniewa<\/span><span style=\"font-family: 'Century Gothic', sans-serif;\">\u00a0\u00a0<\/span><span style=\"font-family: 'Century Gothic', sans-serif;\">Sosi\u0144skiego w 2 r. \u015bm.<\/span><\/div>\n<\/td>\n<\/tr>\n<tr>\n<td width=\"111\">\n<div align=\"center\"><span style=\"font-family: Andalus, serif; font-size: x-large;\">18.00<\/span><\/div>\n<\/td>\n<td width=\"643\">\n<div align=\"left\"><span style=\"font-family: 'Century Gothic', sans-serif;\">+ S\u0142awomira Nowackiego w 6 r. \u015bm, Magdalen\u0119 Nowack\u0105<\/span><\/div>\n<\/td>\n<\/tr>\n<\/tbody>\n<\/table>\n","protected":false},"excerpt":{"rendered":"<p>\u00a04 Niedziela Adwentu 24 grudnia 2017 7.00 + Adama Poszwi\u0144skiego 8.30 + Iren\u0119 w 6 r. \u015bm. i Zygmunta w 8 r. \u015bm CR Wieczork\u00f3w i Gray 10.00 + Kazimier\u0119 i Stanis\u0142awa Rykowskich 11.00 + Konrada Maliszewskiego w 7 r. \u015bm. 12.30 +\u00a0Andrzeja Zaborowskiego (24 GR) \u00a0Bo\u017ce Narodzenie 25 grudnia 2017 \u00a024.00 Pasterka w intencji [&hellip;]<\/p>\n","protected":false},"author":1,"featured_media":0,"comment_status":"closed","ping_status":"open","sticky":false,"template":"","format":"standard","meta":{"ngg_post_thumbnail":0,"footnotes":""},"categories":[6],"tags":[],"class_list":["post-1028","post","type-post","status-publish","format-standard","hentry","category-intencje-mszalne"],"_links":{"self":[{"href":"https:\/\/mbloretanska.pl\/index.php?rest_route=\/wp\/v2\/posts\/1028","targetHints":{"allow":["GET"]}}],"collection":[{"href":"https:\/\/mbloretanska.pl\/index.php?rest_route=\/wp\/v2\/posts"}],"about":[{"href":"https:\/\/mbloretanska.pl\/index.php?rest_route=\/wp\/v2\/types\/post"}],"author":[{"embeddable":true,"href":"https:\/\/mbloretanska.pl\/index.php?rest_route=\/wp\/v2\/users\/1"}],"replies":[{"embeddable":true,"href":"https:\/\/mbloretanska.pl\/index.php?rest_route=%2Fwp%2Fv2%2Fcomments&post=1028"}],"version-history":[{"count":13,"href":"https:\/\/mbloretanska.pl\/index.php?rest_route=\/wp\/v2\/posts\/1028\/revisions"}],"predecessor-version":[{"id":1041,"href":"https:\/\/mbloretanska.pl\/index.php?rest_route=\/wp\/v2\/posts\/1028\/revisions\/1041"}],"wp:attachment":[{"href":"https:\/\/mbloretanska.pl\/index.php?rest_route=%2Fwp%2Fv2%2Fmedia&parent=1028"}],"wp:term":[{"taxonomy":"category","embeddable":true,"href":"https:\/\/mbloretanska.pl\/index.php?rest_route=%2Fwp%2Fv2%2Fcategories&post=1028"},{"taxonomy":"post_tag","embeddable":true,"href":"https:\/\/mbloretanska.pl\/index.php?rest_route=%2Fwp%2Fv2%2Ftags&post=1028"}],"curies":[{"name":"wp","href":"https:\/\/api.w.org\/{rel}","templated":true}]}}