{"id":1019,"date":"2017-12-16T23:22:07","date_gmt":"2017-12-16T22:22:07","guid":{"rendered":"http:\/\/mbloretanska.pl\/?p=1019"},"modified":"2017-12-16T23:22:07","modified_gmt":"2017-12-16T22:22:07","slug":"17-grudzien-3-niedziela-adwentu","status":"publish","type":"post","link":"https:\/\/mbloretanska.pl\/?p=1019","title":{"rendered":"17 GRUDZIE\u0143, 3 Niedziela Adwentu"},"content":{"rendered":"<div align=\"justify\"><span style=\"color: black; font-family: 'Times New Roman', serif; font-size: large;\">1.<\/span><span style=\"color: black; font-family: 'Times New Roman', serif; font-size: large;\">\u00a0<\/span><span style=\"color: black; font-family: Cambria; font-size: large;\">Zapraszamy na roraty, kt\u00f3re odprawiamy codziennie z wyj\u0105tkiem niedziel o godz. 7.00. Jutro w poniedzia\u0142ek na roratach b\u0119dzie si\u0119 modli\u0142 z nami Ks. Bp Marek Solarczyk.<\/span><\/div>\n<div align=\"justify\"><span style=\"color: black; font-family: Cambria; font-size: large;\">\u00a0<\/span><\/div>\n<div align=\"justify\"><span style=\"color: black; font-family: 'Times New Roman', serif; font-size: large;\">2.<\/span><span style=\"color: black; font-family: 'Times New Roman', serif;\">\u00a0<\/span><span style=\"color: black; font-family: 'Times New Roman', serif; font-size: large;\">We wtorek 19 grudnia dzie\u0144 imienin naszego Ks. Kanclerza. Msza \u015bw. w intencji solenizanta ks. Dariusza o godz. 18.00.<\/span><\/div>\n<div><span style=\"color: black; font-family: 'Times New Roman', serif; font-size: large;\">\u00a0<\/span><\/div>\n<div align=\"justify\"><span style=\"color: black; font-family: 'Times New Roman', serif; font-size: large;\">3.<\/span><span style=\"color: black; font-family: 'Times New Roman', serif; font-size: large;\">\u00a0<\/span><span style=\"color: black; font-family: 'Times New Roman', serif; font-size: large;\">Po ka\u017cdej Mszy \u015bw. mo\u017cna zaopatrzy\u0107 si\u0119 w op\u0142atki i naby\u0107 \u015bwiece, oraz kalendarze Caritas. Op\u0142atki pob\u0142ogos\u0142awione w<\/span><span style=\"color: black; font-family: 'Times New Roman', serif; font-size: large;\">\u00a0\u00a0<\/span><span style=\"color: black; font-family: 'Times New Roman', serif; font-size: large;\">\u015bwi\u0105tyni s\u0105 wyrazem eucharystycznej wsp\u00f3lnoty i jedno\u015bci z ca\u0142\u0105 parafi\u0105.<\/span><\/div>\n<div><span style=\"color: black; font-family: Cambria; font-size: medium;\">\u00a0<\/span><\/div>\n<div align=\"justify\"><span style=\"color: black; font-family: 'Times New Roman', serif; font-size: large;\">4.<\/span><span style=\"color: black; font-family: 'Times New Roman', serif; font-size: large;\">\u00a0<\/span><span style=\"color: black; font-family: 'Times New Roman', serif; font-size: large;\">Sk\u0142adamy serdeczne B\u00f3g zap\u0142a\u0107 wszystkim, kt\u00f3rzy ofiarowali s\u0142odycze i zabawki na paczki \u015bwi\u0105teczne dla<\/span><span style=\"color: black; font-family: 'Times New Roman', serif; font-size: large;\">\u00a0\u00a0<\/span><span style=\"color: black; font-family: 'Times New Roman', serif; font-size: large;\">dzieci. Dzi\u0119kujemy tak\u017ce tym, kt\u00f3rzy te paczki przygotowali i b\u0119d\u0105 przekazywa\u0107 je potrzebuj\u0105cym<\/span><\/div>\n<div><span style=\"color: black; font-family: 'Times New Roman', serif; font-size: large;\">\u00a0<\/span><\/div>\n<div align=\"justify\"><span style=\"color: black; font-family: 'Times New Roman', serif; font-size: large;\">5.<\/span><span style=\"color: black; font-family: 'Times New Roman', serif; font-size: large;\">\u00a0<\/span><span style=\"color: black; font-family: 'Times New Roman', serif; font-size: large;\">Za tydzie\u0144 w niedziel\u0119 wigilia Bo\u017cego Narodzenia. Msze \u015bw. wg porz\u0105dku niedzielnego. Nie b\u0119dzie tylko Mszy wieczornej o godz. 18.00. W<\/span><span style=\"color: black; font-family: 'Times New Roman', serif; font-size: large;\">\u00a0\u00a0<\/span><span style=\"color: black; font-family: 'Times New Roman', serif; font-size: large;\">niedziel\u0119 post nas nie obowi\u0105zuje, ale zwyczajowo mo\u017cna i warto go zachowa\u0107 zgodnie z nasz\u0105 polsk\u0105 tradycj\u0105.<\/span><\/div>\n<div><span style=\"color: black; font-family: Cambria; font-size: medium;\">\u00a0<\/span><\/div>\n<div align=\"justify\"><span style=\"color: black; font-family: 'Times New Roman', serif; font-size: large;\">6.<\/span><span style=\"color: black; font-family: 'Times New Roman', serif; font-size: large;\">\u00a0<\/span><span style=\"color: black; font-family: 'Times New Roman', serif; font-size: large;\">Si\u0119gnijmy po dzisiejszy numer tygodnika\u00a0<\/span><span style=\"color: black; font-family: 'Times New Roman', serif; font-size: large;\">\u00a0<\/span><span style=\"color: black; font-family: 'Times New Roman', serif; font-size: large;\"><i>Idziemy\u00a0<\/i><\/span><span style=\"color: black; font-family: 'Times New Roman', serif; font-size: large;\">oraz teksty s\u0142owa Bo\u017cego z modlitw\u0105 do \u015bw. Micha\u0142a Archanio\u0142a.<\/span><\/div>\n<div><span style=\"color: black; font-family: 'Times New Roman', serif; font-size: large;\">\u00a0<\/span><\/div>\n<div align=\"justify\"><span style=\"color: black; font-family: 'Times New Roman', serif; font-size: large;\">7.<\/span><span style=\"color: black; font-family: 'Times New Roman', serif; font-size: large;\">\u00a0<\/span><span style=\"color: black; font-family: Cambria; font-size: large;\">Przepraszamy mieszka\u0144c\u00f3w tych blok\u00f3w, u kt\u00f3rych nie odby\u0142a si\u0119 zapowiadana na miniony tydzie\u0144 wizyta duszpasterska. Nast\u0105pi to w najbli\u017cszym czasie. W tym tygodniu kol\u0119da do czwartku w\u0142\u0105cznie, a potem nast\u0105pi przerwa \u015bwi\u0105teczna do 28 grudnia. Nowych lokator\u00f3w, kt\u00f3rzy w swoim mieszkaniu chc\u0105 przyj\u0105\u0107 Bo\u017ce b\u0142ogos\u0142awie\u0144stwo prosimy o wcze\u015bniejsze zg\u0142oszenia.<\/span><\/div>\n","protected":false},"excerpt":{"rendered":"<p>1.\u00a0Zapraszamy na roraty, kt\u00f3re odprawiamy codziennie z wyj\u0105tkiem niedziel o godz. 7.00. Jutro w poniedzia\u0142ek na roratach b\u0119dzie si\u0119 modli\u0142 z nami Ks. Bp Marek Solarczyk. \u00a0 2.\u00a0We wtorek 19 grudnia dzie\u0144 imienin naszego Ks. Kanclerza. Msza \u015bw. w intencji solenizanta ks. Dariusza o godz. 18.00. \u00a0 3.\u00a0Po ka\u017cdej Mszy \u015bw. mo\u017cna zaopatrzy\u0107 si\u0119 w [&hellip;]<\/p>\n","protected":false},"author":1,"featured_media":0,"comment_status":"closed","ping_status":"open","sticky":false,"template":"","format":"standard","meta":{"ngg_post_thumbnail":0,"footnotes":""},"categories":[3],"tags":[],"class_list":["post-1019","post","type-post","status-publish","format-standard","hentry","category-ogloszenia-duszpasterskie"],"_links":{"self":[{"href":"https:\/\/mbloretanska.pl\/index.php?rest_route=\/wp\/v2\/posts\/1019","targetHints":{"allow":["GET"]}}],"collection":[{"href":"https:\/\/mbloretanska.pl\/index.php?rest_route=\/wp\/v2\/posts"}],"about":[{"href":"https:\/\/mbloretanska.pl\/index.php?rest_route=\/wp\/v2\/types\/post"}],"author":[{"embeddable":true,"href":"https:\/\/mbloretanska.pl\/index.php?rest_route=\/wp\/v2\/users\/1"}],"replies":[{"embeddable":true,"href":"https:\/\/mbloretanska.pl\/index.php?rest_route=%2Fwp%2Fv2%2Fcomments&post=1019"}],"version-history":[{"count":1,"href":"https:\/\/mbloretanska.pl\/index.php?rest_route=\/wp\/v2\/posts\/1019\/revisions"}],"predecessor-version":[{"id":1020,"href":"https:\/\/mbloretanska.pl\/index.php?rest_route=\/wp\/v2\/posts\/1019\/revisions\/1020"}],"wp:attachment":[{"href":"https:\/\/mbloretanska.pl\/index.php?rest_route=%2Fwp%2Fv2%2Fmedia&parent=1019"}],"wp:term":[{"taxonomy":"category","embeddable":true,"href":"https:\/\/mbloretanska.pl\/index.php?rest_route=%2Fwp%2Fv2%2Fcategories&post=1019"},{"taxonomy":"post_tag","embeddable":true,"href":"https:\/\/mbloretanska.pl\/index.php?rest_route=%2Fwp%2Fv2%2Ftags&post=1019"}],"curies":[{"name":"wp","href":"https:\/\/api.w.org\/{rel}","templated":true}]}}